{"id":936388,"date":"2026-03-11T14:14:00","date_gmt":"2026-03-11T13:14:00","guid":{"rendered":"https:\/\/gradski.me\/?p=936388"},"modified":"2026-03-12T08:25:55","modified_gmt":"2026-03-12T07:25:55","slug":"dinar-objavio-spisak-za-finsku-povratak-simica-i-matovica-prvi-poziv-za-djulovica","status":"publish","type":"post","link":"https:\/\/gradski.me\/en\/sport\/dinar-objavio-spisak-za-finsku-povratak-simica-i-matovica-prvi-poziv-za-djulovica\/","title":{"rendered":"Dinar announces roster for Finland: Simi\u0107 and Matovi\u0107 return, first call-up for \u0110ulovi\u0107"},"content":{"rendered":"<p>This will be the first action for coach Didier Dinar's team after EHF Euro 2026, which they finished in the group stage.<\/p>\n\n\n\n<p>The matches against Finland are scheduled for March 19 in Vantaa and three days later in Podgorica. Finland was also the opponent in the qualifiers for the last European Championship and our national team won both times \u2013 29:28 in Podgorica and 33:28 in Vantaa.<\/p>\n\n\n\n<p>If they are better than the team from northern Europe in the upcoming two-match series, the \"lions\" will play Slovenia in the play-offs in May, which will be the decisive matches for their place in the planetary competition.<\/p>\n\n\n\n<p>For the upcoming doubleheader against Finland, coach Dinar is counting on 18 players. 12 of them played at EHF Euro 2026, and the only debutant is Buducnost defender Emir \u0110ulovi\u0107.<\/p>\n\n\n\n<p>Montenegro will be stronger for the goalkeeping duo Neboj\u0161a Simi\u0107 \u2013 Nikola Matovi\u0107, after both recovered from serious injuries and returned to the field, as well as for Aleksandar Baki\u0107, who missed the January European Championship due to health problems.<\/p>\n\n\n\n<p>Compared to the team that played at the European Championship, Vuk Borozan and Stevan Vujovi\u0107 are out due to injuries, while former captain Mirko Radovi\u0107 has ended his international career. There is also no central defender Milo\u0161 Bo\u017eovi\u0107, who has not yet recovered from the injury that caused him to miss EHF Euro 2026. Left back Arsenije Draga\u0161evi\u0107 has been ruled out of the upcoming two-legged tie for the same reason.<\/p>\n\n\n\n<figure class=\"wp-block-image size-large\"><img fetchpriority=\"high\" decoding=\"async\" width=\"768\" height=\"1024\" src=\"https:\/\/gradski.me\/wp-content\/uploads\/2026\/03\/Spisak-RSCG-768x1024.webp\" alt=\"\" class=\"wp-image-936397\" title=\"\" srcset=\"https:\/\/gradski.me\/wp-content\/uploads\/2026\/03\/Spisak-RSCG-768x1024.webp 768w, https:\/\/gradski.me\/wp-content\/uploads\/2026\/03\/Spisak-RSCG-225x300.webp 225w, https:\/\/gradski.me\/wp-content\/uploads\/2026\/03\/Spisak-RSCG-1152x1536.webp 1152w, https:\/\/gradski.me\/wp-content\/uploads\/2026\/03\/Spisak-RSCG-9x12.webp 9w, https:\/\/gradski.me\/wp-content\/uploads\/2026\/03\/Spisak-RSCG.webp 1440w\" sizes=\"(max-width: 768px) 100vw, 768px\" \/><figcaption class=\"wp-element-caption\">Photo: RSCG<\/figcaption><\/figure>\n\n\n\n<p>The national team will gather on Monday, March 16th in Podgorica, with a trip to Finland planned the day after.<\/p>\n\n\n\n<p>List of players:<\/p>\n\n\n\n<p>GOALKEEPERS: Neboj\u0161a Simi\u0107, Nikola Matovi\u0107 and Haris Suljevi\u0107;<\/p>\n\n\n\n<p>WINGS: Milo\u0161 Vujovi\u0107, Aleksandar Baki\u0107, Luka Radovi\u0107 and Vojislav Vuki\u0107;<\/p>\n\n\n\n<p>PIVOT: Luka Vujovi\u0107, Admir Pelidija, Miodrag \u0106orsovi\u0107 and Mihailo \u0160\u0107eki\u0107;<\/p>\n\n\n\n<p>BACKS: Branko Vujovi\u0107, Milorad Baki\u0107, Radojica \u010cepi\u0107, Emir \u0110ulovi\u0107, Stefan \u010cavor, Risto Vuja\u010di\u0107 and Vasilije Kalu\u0111erovi\u0107.<\/p>","protected":false},"excerpt":{"rendered":"<p>The challenge for the \"Lions\" next week, Finland, is the first obstacle on the road to the World Cup, which will be held in Germany in January next year.<\/p>","protected":false},"author":7,"featured_media":930600,"comment_status":"open","ping_status":"open","sticky":false,"template":"","format":"standard","meta":{"_acf_changed":false,"footnotes":"","jetpack_publicize_message":"","jetpack_publicize_feature_enabled":true,"jetpack_social_post_already_shared":true,"jetpack_social_options":{"image_generator_settings":{"template":"highway","default_image_id":0,"font":"","enabled":false},"version":2}},"categories":[15],"tags":[10416,27383,10418,25487,2369],"naslovna":[],"class_list":["post-936388","post","type-post","status-publish","format-standard","has-post-thumbnail","hentry","category-sport","tag-didije-dinar","tag-kvalifikacije-za-svjetsko-prvenstvo-za-rukometase","tag-muska-rukometna-reprezentacija-crne-gore","tag-muska-rukometna-reprezentacija-finske","tag-spisak-igraca"],"acf":[],"jetpack_publicize_connections":[],"_links":{"self":[{"href":"https:\/\/gradski.me\/en\/wp-json\/wp\/v2\/posts\/936388","targetHints":{"allow":["GET"]}}],"collection":[{"href":"https:\/\/gradski.me\/en\/wp-json\/wp\/v2\/posts"}],"about":[{"href":"https:\/\/gradski.me\/en\/wp-json\/wp\/v2\/types\/post"}],"author":[{"embeddable":true,"href":"https:\/\/gradski.me\/en\/wp-json\/wp\/v2\/users\/7"}],"replies":[{"embeddable":true,"href":"https:\/\/gradski.me\/en\/wp-json\/wp\/v2\/comments?post=936388"}],"version-history":[{"count":3,"href":"https:\/\/gradski.me\/en\/wp-json\/wp\/v2\/posts\/936388\/revisions"}],"predecessor-version":[{"id":936399,"href":"https:\/\/gradski.me\/en\/wp-json\/wp\/v2\/posts\/936388\/revisions\/936399"}],"wp:featuredmedia":[{"embeddable":true,"href":"https:\/\/gradski.me\/en\/wp-json\/wp\/v2\/media\/930600"}],"wp:attachment":[{"href":"https:\/\/gradski.me\/en\/wp-json\/wp\/v2\/media?parent=936388"}],"wp:term":[{"taxonomy":"category","embeddable":true,"href":"https:\/\/gradski.me\/en\/wp-json\/wp\/v2\/categories?post=936388"},{"taxonomy":"post_tag","embeddable":true,"href":"https:\/\/gradski.me\/en\/wp-json\/wp\/v2\/tags?post=936388"},{"taxonomy":"naslovna","embeddable":true,"href":"https:\/\/gradski.me\/en\/wp-json\/wp\/v2\/naslovna?post=936388"}],"curies":[{"name":"wp","href":"https:\/\/api.w.org\/{rel}","templated":true}]}}