{"id":935392,"date":"2026-03-09T21:52:00","date_gmt":"2026-03-09T20:52:00","guid":{"rendered":"https:\/\/gradski.me\/?p=935392"},"modified":"2026-03-11T12:45:43","modified_gmt":"2026-03-11T11:45:43","slug":"dobro-jutro-podgorice-o-aktivnostima-za-uredjenje-brda-gorica-i-peticiji-da-majke-za-svako-dijete-dobiju-pet-godina-radnog-staza","status":"publish","type":"post","link":"https:\/\/gradski.me\/en\/podgorica\/dobro-jutro-podgorice-o-aktivnostima-za-uredjenje-brda-gorica-i-peticiji-da-majke-za-svako-dijete-dobiju-pet-godina-radnog-staza\/","title":{"rendered":"\"Good morning, Podgorica\": On activities for the development of Gorica Hill and a petition to give mothers five years of service for each child"},"content":{"rendered":"<p><\/p>\n\n\n\n<p>Kakvi su planovi za ure\u0111enje brda Gorica, jednog od najva\u017enijih zelenih simbola Podgorice? O predlozima, ali i aktivnostima, govori\u0107e <strong>Ana Pajevi\u0107 To\u0161i\u0107<\/strong> iz Agencije za upravljanje za\u0161ti\u0107enim podru\u010djima Glavnog grada.<\/p>\n\n\n\n<p>Pokrenuta je peticija kojom se tra\u017ei da majke za svako dijete dobiju pet godina radnog sta\u017ea. \u0160ta je cilj inicijative koja je na Javnoj raspravi sazna\u0107emo od <strong>Slobodanke Krgovi\u0107<\/strong>.<\/p>\n\n\n\n<p>Provjeravamo kakvi su rezultati konkursa za subvencije podstanarima. O tome \u0107e govoriti <strong>Stefan Vesovic<\/strong> iz Sekretarijata za socijalno staranje Glavnog grada, a \u010du\u0107emo i iskustvo jedne gra\u0111anke \u010dija je prijava odbijena. U razgovor \u0107e se uklju\u010diti i<strong> Marina Medojevic<\/strong> iz Fondacije \u201eBanka hrane\u201c, koja godinama ukazuje na probleme socijalno ugro\u017eenih porodica i bori se za njihov bolji status.<\/p>\n\n\n\n<p>Donosimo i sportsku pri\u010du. Kakva o\u010dekivanja donosi takmi\u010darska sezona 2025\/2026 za KK \u201ePodgorica\u201c. U studiju \u0107e biti takmi\u010darka <strong>Hana Gredi\u0107<\/strong> i trener <strong>Mijat Vojvodi\u0107<\/strong>.<\/p>\n\n\n\n<p>Program vodi <strong>An\u0111ela Kosti\u0107<\/strong>, and brings stories from the field <strong>Iva Popovi\u0107<\/strong>.<\/p>\n\n\n\n<p>Budite uz \u201eDobro jutro Podgorice\u201c.<\/p>","protected":false},"excerpt":{"rendered":"<p>U Jutarnjem programu \u201eDobro jutro, Podgorice\u201c i ovoga utorka gledaoce o\u010dekuju va\u017ene teme.\u00a0<\/p>","protected":false},"author":14,"featured_media":922589,"comment_status":"open","ping_status":"open","sticky":false,"template":"","format":"standard","meta":{"_acf_changed":false,"footnotes":"","jetpack_publicize_message":"","jetpack_publicize_feature_enabled":true,"jetpack_social_post_already_shared":true,"jetpack_social_options":{"image_generator_settings":{"template":"highway","default_image_id":0,"font":"","enabled":false},"version":2}},"categories":[9,6],"tags":[7883,27247,27246],"naslovna":[],"class_list":["post-935392","post","type-post","status-publish","format-standard","has-post-thumbnail","hentry","category-drustvo","category-podgorica","tag-dobro-jutro-podgorice","tag-peticija-da-majke-za-svako-dijete-dobiju-pet-godina-radnog-staza","tag-uredjenje-brda-gorica"],"acf":[],"jetpack_publicize_connections":[],"_links":{"self":[{"href":"https:\/\/gradski.me\/en\/wp-json\/wp\/v2\/posts\/935392","targetHints":{"allow":["GET"]}}],"collection":[{"href":"https:\/\/gradski.me\/en\/wp-json\/wp\/v2\/posts"}],"about":[{"href":"https:\/\/gradski.me\/en\/wp-json\/wp\/v2\/types\/post"}],"author":[{"embeddable":true,"href":"https:\/\/gradski.me\/en\/wp-json\/wp\/v2\/users\/14"}],"replies":[{"embeddable":true,"href":"https:\/\/gradski.me\/en\/wp-json\/wp\/v2\/comments?post=935392"}],"version-history":[{"count":1,"href":"https:\/\/gradski.me\/en\/wp-json\/wp\/v2\/posts\/935392\/revisions"}],"predecessor-version":[{"id":935395,"href":"https:\/\/gradski.me\/en\/wp-json\/wp\/v2\/posts\/935392\/revisions\/935395"}],"wp:featuredmedia":[{"embeddable":true,"href":"https:\/\/gradski.me\/en\/wp-json\/wp\/v2\/media\/922589"}],"wp:attachment":[{"href":"https:\/\/gradski.me\/en\/wp-json\/wp\/v2\/media?parent=935392"}],"wp:term":[{"taxonomy":"category","embeddable":true,"href":"https:\/\/gradski.me\/en\/wp-json\/wp\/v2\/categories?post=935392"},{"taxonomy":"post_tag","embeddable":true,"href":"https:\/\/gradski.me\/en\/wp-json\/wp\/v2\/tags?post=935392"},{"taxonomy":"naslovna","embeddable":true,"href":"https:\/\/gradski.me\/en\/wp-json\/wp\/v2\/naslovna?post=935392"}],"curies":[{"name":"wp","href":"https:\/\/api.w.org\/{rel}","templated":true}]}}