{"id":935262,"date":"2026-03-09T18:00:00","date_gmt":"2026-03-09T17:00:00","guid":{"rendered":"https:\/\/gradski.me\/?p=935262"},"modified":"2026-03-09T17:11:44","modified_gmt":"2026-03-09T16:11:44","slug":"praznik-skijanja-u-kolasinu-mlade-nade-crnogorskih-klubova-zablistale-natakmicenju-kup-reljina","status":"publish","type":"post","link":"https:\/\/gradski.me\/en\/sport\/praznik-skijanja-u-kolasinu-mlade-nade-crnogorskih-klubova-zablistale-natakmicenju-kup-reljina\/","title":{"rendered":"Skiing holiday in Kola\u0161in: Young hopes of Montenegrin clubs shine at the \"Reljin Cup\" competition"},"content":{"rendered":"<p><\/p>\n\n\n\n<p>Ovo takmi\u010denje je dokazalo da na\u0161a zemlja ima izuzetno sna\u017enu i \u0161iroku bazu mladih talenata. Prvog dana, u disciplini slalom, u kategoriji cicibana zlatnu medalju odnio je Dejo Osmanagi\u0107 iz kluba \u201ePahuljice\u201c iz Nik\u0161i\u0107a, dok su drugo i tre\u0107e mjesto zauzeli Konstantin \u0160ukovi\u0107 iz skija\u0161kog kluba \u201eBjelogrivac\u201c iz Mojkovca i Nikola Kova\u010devi\u0107 iz kluba \u201ePobjednik\u201c Nik\u0161i\u0107.<\/p>\n\n\n\n<p>Kod cicibanki u slalomu dominirale su takmi\u010darke kluba \u201eBudu\u0107nost\u201c iz Podgorice: zlato je pripalo Eseniji Mitrakovoj, a pratile su je Hana Bulatovi\u0107 i Una Bugarin.<\/p>\n\n\n\n<p>U konkurenciji starijih dje\u010daka (kategorija I\u2013II) u slalomu su briljirali takmi\u010dari podgori\u010dke \u201eBudu\u0107nosti\u201c \u2013 Petar Rabrenovi\u0107 osvojio je prvo, a Ognjen Bugarin drugo mjesto, dok je bronza pripala Emiru Suljevi\u0107u iz kluba \u201e\u017dari\u201c iz Mojkovca.<\/p>\n\n\n\n<p>Kod djevoj\u010dica u istoj kategoriji zlatom se okitila Dunja Tomi\u0107 iz skija\u0161kog kluba \u201eSavin kuk 2313\u201c sa \u017dabljaka, srebro je pripalo Aleksandri D\u017eabasan (tako\u0111e \u201eSavin kuk 2313\u201c), a bronza Ivi Ilin\u010di\u0107 iz mojkova\u010dkog kluba \u201e\u017dari\u201c.<\/p>\n\n\n\n<p>Drugog dana takmi\u010denja vozio se veleslalom. Sofija Ralevi\u0107 iz kluba \u201eSmiljevica\u201c Berane osvojila je prvo mjesto u kategoriji djevoj\u010dica ro\u0111enih od 2016. do 2018. godine, ispred Une Bugarin (\u201eBudu\u0107nost\u201c) i Stefane \u010curovi\u0107 (\u201ePobjednik\u201c). Kod dje\u010daka u istoj starosnoj grupi trijumfovao je Vasil Kot iz mojkova\u010dkog \u201eBjelogrivca\u201c.<\/p>\n\n\n\n<p>Zapa\u017een nastup u veleslalomu imao je predstavnik doma\u0107ina, Lazar Krcunovi\u0107 iz skija\u0161kog kluba \u201eReljina\u201c Budva, koji je osvojio zlato za dje\u010dake ro\u0111ene 2014. i 2015. godine. Srebro je pripalo Deju Osmanagi\u0107u (\u201ePahuljice\u201c), a bronza Konstantinu \u0160ukovi\u0107u (\u201eBjelogrivac\u201c).<\/p>\n\n\n\n<p>U starijoj kategoriji veleslaloma (djevoj\u010dice I\u2013II) \u017eablja\u010dki \u201eSavin kuk 2313\u201c ponovo je slavio zahvaljuju\u0107i Aleksandri D\u017eabasan, dok su drugo i tre\u0107e mjesto zauzele Anica D\u017eoganovi\u0107 (\u201ePobjednik\u201c) i Iva Ilin\u010di\u0107 (\u201e\u017dari\u201c). U konkurenciji dje\u010daka I\u2013II odli\u010dnu vo\u017enju prikazao je i Strahinja Popovi\u0107 iz \u201eBudu\u0107nosti\u201c.<\/p>\n\n\n\n<p>Besprekorna organizacija i pravi sportski duh obilje\u017eili su ovogodi\u0161nji \u201eKup Reljina\u201c, a svoje vje\u0161tine hrabro su pokazali i takmi\u010dari iz Ski kluba \u201eA Team\u201c Nik\u0161i\u0107.<\/p>\n\n\n\n<p>Predsjednik kluba i glavni organizator Danijel Ga\u010devi\u0107 izrazio je veliko zadovoljstvo:<\/p>\n\n\n\n<p>\u201eIzuzetno smo ponosni na masovan odziv klubova i sjajnu energiju koju su djeca donijela na planinu. Staza je bila tehni\u010dki odli\u010dno pripremljena, a takmi\u010denje je proteklo u najboljem sportskom duhu i bez povreda. Ovi mladi skija\u0161i su dokazali da crnogorsko skijanje ima na koga da ra\u010duna u godinama koje dolaze\u201c, istakao je Ga\u010devi\u0107.<\/p>","protected":false},"excerpt":{"rendered":"<p>Proteklog vikenda ski-centar u Kola\u0161inu bio je epicentar omladinskog skijanja, gdje je sa velikim uspjehom odr\u017ean \u201eKup Reljina Budva\u201c, takmi\u010denje iz zvani\u010dnog kalendara Skija\u0161kog saveza Crne Gore. Takmi\u010denje, koje je okupilo veliki broj talentovanih skija\u0161a iz brojnih crnogorskih klubova, pokazalo je da zimske sportove u Crnoj Gori \u010deka svijetla budu\u0107nost.<\/p>","protected":false},"author":13,"featured_media":935266,"comment_status":"open","ping_status":"open","sticky":false,"template":"","format":"standard","meta":{"_acf_changed":false,"footnotes":"","jetpack_publicize_message":"","jetpack_publicize_feature_enabled":true,"jetpack_social_post_already_shared":true,"jetpack_social_options":{"image_generator_settings":{"template":"highway","default_image_id":0,"font":"","enabled":false},"version":2}},"categories":[15],"tags":[1133,27224],"naslovna":[],"class_list":["post-935262","post","type-post","status-publish","format-standard","has-post-thumbnail","hentry","category-sport","tag-kolasin","tag-kup-reljina"],"acf":[],"jetpack_publicize_connections":[],"_links":{"self":[{"href":"https:\/\/gradski.me\/en\/wp-json\/wp\/v2\/posts\/935262","targetHints":{"allow":["GET"]}}],"collection":[{"href":"https:\/\/gradski.me\/en\/wp-json\/wp\/v2\/posts"}],"about":[{"href":"https:\/\/gradski.me\/en\/wp-json\/wp\/v2\/types\/post"}],"author":[{"embeddable":true,"href":"https:\/\/gradski.me\/en\/wp-json\/wp\/v2\/users\/13"}],"replies":[{"embeddable":true,"href":"https:\/\/gradski.me\/en\/wp-json\/wp\/v2\/comments?post=935262"}],"version-history":[{"count":1,"href":"https:\/\/gradski.me\/en\/wp-json\/wp\/v2\/posts\/935262\/revisions"}],"predecessor-version":[{"id":935277,"href":"https:\/\/gradski.me\/en\/wp-json\/wp\/v2\/posts\/935262\/revisions\/935277"}],"wp:featuredmedia":[{"embeddable":true,"href":"https:\/\/gradski.me\/en\/wp-json\/wp\/v2\/media\/935266"}],"wp:attachment":[{"href":"https:\/\/gradski.me\/en\/wp-json\/wp\/v2\/media?parent=935262"}],"wp:term":[{"taxonomy":"category","embeddable":true,"href":"https:\/\/gradski.me\/en\/wp-json\/wp\/v2\/categories?post=935262"},{"taxonomy":"post_tag","embeddable":true,"href":"https:\/\/gradski.me\/en\/wp-json\/wp\/v2\/tags?post=935262"},{"taxonomy":"naslovna","embeddable":true,"href":"https:\/\/gradski.me\/en\/wp-json\/wp\/v2\/naslovna?post=935262"}],"curies":[{"name":"wp","href":"https:\/\/api.w.org\/{rel}","templated":true}]}}