{"id":935234,"date":"2026-03-09T16:42:00","date_gmt":"2026-03-09T15:42:00","guid":{"rendered":"https:\/\/gradski.me\/?p=935234"},"modified":"2026-03-11T13:42:53","modified_gmt":"2026-03-11T12:42:53","slug":"u-planu-kruzni-tok-na-bulevaru-podgorica-danilovgrad-u-gornjoj-gorici","status":"publish","type":"post","link":"https:\/\/gradski.me\/en\/podgorica\/u-planu-kruzni-tok-na-bulevaru-podgorica-danilovgrad-u-gornjoj-gorici\/","title":{"rendered":"Planned roundabout in Gornja Gorica on the Podgorica - Danilovgrad boulevard: Procurement for project development launched"},"content":{"rendered":"<p><\/p>\n\n\n\n<p>Kako su poja\u0161njavaju, zadatak projektanta je utvr\u0111ivanje najracionalnijeg popre\u010dnog profila i ukupnog tehni\u010dkog rje\u0161enja koje je mogu\u0107e izvesti na predmetnoj raskrsnici.<\/p>\n\n\n\n<figure class=\"wp-block-image size-large\"><img fetchpriority=\"high\" decoding=\"async\" width=\"830\" height=\"1024\" src=\"https:\/\/gradski.me\/wp-content\/uploads\/2026\/03\/IMG_7871-830x1024.webp\" alt=\"\" class=\"wp-image-935237\" title=\"\" srcset=\"https:\/\/gradski.me\/wp-content\/uploads\/2026\/03\/IMG_7871-830x1024.webp 830w, https:\/\/gradski.me\/wp-content\/uploads\/2026\/03\/IMG_7871-243x300.webp 243w, https:\/\/gradski.me\/wp-content\/uploads\/2026\/03\/IMG_7871-768x948.webp 768w, https:\/\/gradski.me\/wp-content\/uploads\/2026\/03\/IMG_7871-10x12.webp 10w, https:\/\/gradski.me\/wp-content\/uploads\/2026\/03\/IMG_7871.webp 1169w\" sizes=\"(max-width: 830px) 100vw, 830px\" \/><figcaption class=\"wp-element-caption\">foto: Agencija za izgradnju i razvoj Podgorice<\/figcaption><\/figure>\n\n\n\n<p>&#8222;Cilj projekta je pove\u0107anje bezbjednosti i proto\u010dnosti saobra\u0107aja, bolja povezanost ovog dijela grada, kao i stvaranje uslova za nesmetano kretanje pje\u0161aka. Novoplanirana kru\u017ena raskrsnica \u0107e omogu\u0107iti stanovnicima Gornje Gorice br\u017ee i sigurnije priklju\u010denje na novoizgra\u0111eni Bulevar Podgorica \u2013 Danilovgrad i rasteretiti unutra\u0161nji saobra\u0107aj&#8220;, navode iz Agencije.<\/p>\n\n\n\n<figure class=\"wp-block-image size-large\"><img decoding=\"async\" width=\"1024\" height=\"529\" src=\"https:\/\/gradski.me\/wp-content\/uploads\/2026\/03\/maps-1024x529.webp\" alt=\"\" class=\"wp-image-935251\" title=\"\" srcset=\"https:\/\/gradski.me\/wp-content\/uploads\/2026\/03\/maps-1024x529.webp 1024w, https:\/\/gradski.me\/wp-content\/uploads\/2026\/03\/maps-300x155.webp 300w, https:\/\/gradski.me\/wp-content\/uploads\/2026\/03\/maps-768x396.webp 768w, https:\/\/gradski.me\/wp-content\/uploads\/2026\/03\/maps-18x9.webp 18w, https:\/\/gradski.me\/wp-content\/uploads\/2026\/03\/maps.webp 1321w\" sizes=\"(max-width: 1024px) 100vw, 1024px\" \/><figcaption class=\"wp-element-caption\">foto: Google maps<\/figcaption><\/figure>\n\n\n\n<p>Izrada Idejnog rje\u0161enja i Glavnog projekta rekonstrukcije i izgradnje raskrsnice na Bulevaru Podgorica\u2013Danilovgrad u skladu sa smjernicama PUP-a Procijenjena vrijednost nabavke sa ura\u010dunatim PDV-om je 20.000 eura, a rok za izradu je 60 kalendarskih dana.<\/p>\n\n\n\n<figure class=\"wp-block-image size-large\"><img decoding=\"async\" width=\"840\" height=\"1024\" src=\"https:\/\/gradski.me\/wp-content\/uploads\/2026\/03\/IMG_7872-840x1024.webp\" alt=\"\" class=\"wp-image-935238\" title=\"\" srcset=\"https:\/\/gradski.me\/wp-content\/uploads\/2026\/03\/IMG_7872-840x1024.webp 840w, https:\/\/gradski.me\/wp-content\/uploads\/2026\/03\/IMG_7872-246x300.webp 246w, https:\/\/gradski.me\/wp-content\/uploads\/2026\/03\/IMG_7872-768x937.webp 768w, https:\/\/gradski.me\/wp-content\/uploads\/2026\/03\/IMG_7872-10x12.webp 10w, https:\/\/gradski.me\/wp-content\/uploads\/2026\/03\/IMG_7872.webp 1170w\" sizes=\"(max-width: 840px) 100vw, 840px\" \/><figcaption class=\"wp-element-caption\">foto: Agencija za izgradnju i razvoj Podgorice<\/figcaption><\/figure>\n\n\n\n<p><\/p>\n\n\n\n<p><\/p>","protected":false},"excerpt":{"rendered":"<p>Agenecija za razvoj i izgradnju Podgorice je danas na elektronskom sistemu javnih nabavki objavila postupak &#8211; izrada Idejnog rje\u0161enja i Glavnog projekta rekonstrukcije i izgradnje kru\u017enog toka na bulevaru Podgorica &#8211; Danilovgrad u Gornjoj Gorici. Procijenjana vrijednost nabavke je 20.000 eura.<\/p>","protected":false},"author":13,"featured_media":935236,"comment_status":"open","ping_status":"open","sticky":false,"template":"","format":"standard","meta":{"_acf_changed":false,"footnotes":"","jetpack_publicize_message":"","jetpack_publicize_feature_enabled":true,"jetpack_social_post_already_shared":true,"jetpack_social_options":{"image_generator_settings":{"template":"highway","default_image_id":0,"font":"","enabled":false},"version":2}},"categories":[6],"tags":[4009,27220,28],"naslovna":[],"class_list":["post-935234","post","type-post","status-publish","format-standard","has-post-thumbnail","hentry","category-podgorica","tag-agencija-za-izgradnju-i-razvoj","tag-danilovgrad-podgorica","tag-podgorica"],"acf":[],"jetpack_publicize_connections":[],"_links":{"self":[{"href":"https:\/\/gradski.me\/en\/wp-json\/wp\/v2\/posts\/935234","targetHints":{"allow":["GET"]}}],"collection":[{"href":"https:\/\/gradski.me\/en\/wp-json\/wp\/v2\/posts"}],"about":[{"href":"https:\/\/gradski.me\/en\/wp-json\/wp\/v2\/types\/post"}],"author":[{"embeddable":true,"href":"https:\/\/gradski.me\/en\/wp-json\/wp\/v2\/users\/13"}],"replies":[{"embeddable":true,"href":"https:\/\/gradski.me\/en\/wp-json\/wp\/v2\/comments?post=935234"}],"version-history":[{"count":5,"href":"https:\/\/gradski.me\/en\/wp-json\/wp\/v2\/posts\/935234\/revisions"}],"predecessor-version":[{"id":935252,"href":"https:\/\/gradski.me\/en\/wp-json\/wp\/v2\/posts\/935234\/revisions\/935252"}],"wp:featuredmedia":[{"embeddable":true,"href":"https:\/\/gradski.me\/en\/wp-json\/wp\/v2\/media\/935236"}],"wp:attachment":[{"href":"https:\/\/gradski.me\/en\/wp-json\/wp\/v2\/media?parent=935234"}],"wp:term":[{"taxonomy":"category","embeddable":true,"href":"https:\/\/gradski.me\/en\/wp-json\/wp\/v2\/categories?post=935234"},{"taxonomy":"post_tag","embeddable":true,"href":"https:\/\/gradski.me\/en\/wp-json\/wp\/v2\/tags?post=935234"},{"taxonomy":"naslovna","embeddable":true,"href":"https:\/\/gradski.me\/en\/wp-json\/wp\/v2\/naslovna?post=935234"}],"curies":[{"name":"wp","href":"https:\/\/api.w.org\/{rel}","templated":true}]}}