{"id":935209,"date":"2026-03-09T18:52:00","date_gmt":"2026-03-09T17:52:00","guid":{"rendered":"https:\/\/gradski.me\/?p=935209"},"modified":"2026-03-09T18:26:30","modified_gmt":"2026-03-09T17:26:30","slug":"tramp-razmatra-ekonomski-sporazum-sa-havanom","status":"publish","type":"post","link":"https:\/\/gradski.me\/en\/svijet\/tramp-razmatra-ekonomski-sporazum-sa-havanom\/","title":{"rendered":"Trump considers economic deal with Havana"},"content":{"rendered":"<p><\/p>\n\n\n\n<p>While details about the alleged agreement and its timeframe are scarce, it could include, among other things, the lifting of a number of sanctions and the easing of restrictions that prevent US citizens from visiting Cuba.<\/p>\n\n\n\n<p>The White House is reportedly also considering an \u201cexit\u201d offer to Cuban President Miguel Diaz-Canel, as well as agreements on ports, energy and tourism. However, it is unclear what Havana would give Washington in exchange for a deal.<\/p>\n\n\n\n<p>On Saturday, March 7, at the \"Shield of America\" \u200b\u200bsummit, Trump said that \"Cuba is at the end of the road\" and noted that Cuban authorities are seeking negotiations.<\/p>\n\n\n\n<p>On January 29, Trump signed an executive order imposing tariffs on imports from countries that supply Cuba with oil.<\/p>\n\n\n\n<p>The Cuban government has accused the US of allegedly trying to stifle Cuba's economy and make living conditions unbearable for the population of the Caribbean island.<\/p>","protected":false},"excerpt":{"rendered":"<p>Ameri\u010dki predsjednik Donald Tramp razmatra ekonomski sporazum sa Kubom koji bi mogao da uklju\u010di djelimi\u010dno ukidanje sankcija Havani, objavio je &#8222;Ju-Es-Ej tudej&#8220;, pozivaju\u0107i se na dva neimenovana izvora upoznata sa tim planovima.<\/p>","protected":false},"author":14,"featured_media":898480,"comment_status":"open","ping_status":"open","sticky":false,"template":"","format":"standard","meta":{"_acf_changed":false,"footnotes":"","jetpack_publicize_message":"","jetpack_publicize_feature_enabled":true,"jetpack_social_post_already_shared":true,"jetpack_social_options":{"image_generator_settings":{"template":"highway","default_image_id":0,"font":"","enabled":false},"version":2}},"categories":[14],"tags":[230,27212,27213],"naslovna":[],"class_list":["post-935209","post","type-post","status-publish","format-standard","has-post-thumbnail","hentry","category-svijet","tag-donald-tramp","tag-ekonomski-sporazum","tag-havana"],"acf":[],"jetpack_publicize_connections":[],"_links":{"self":[{"href":"https:\/\/gradski.me\/en\/wp-json\/wp\/v2\/posts\/935209","targetHints":{"allow":["GET"]}}],"collection":[{"href":"https:\/\/gradski.me\/en\/wp-json\/wp\/v2\/posts"}],"about":[{"href":"https:\/\/gradski.me\/en\/wp-json\/wp\/v2\/types\/post"}],"author":[{"embeddable":true,"href":"https:\/\/gradski.me\/en\/wp-json\/wp\/v2\/users\/14"}],"replies":[{"embeddable":true,"href":"https:\/\/gradski.me\/en\/wp-json\/wp\/v2\/comments?post=935209"}],"version-history":[{"count":1,"href":"https:\/\/gradski.me\/en\/wp-json\/wp\/v2\/posts\/935209\/revisions"}],"predecessor-version":[{"id":935210,"href":"https:\/\/gradski.me\/en\/wp-json\/wp\/v2\/posts\/935209\/revisions\/935210"}],"wp:featuredmedia":[{"embeddable":true,"href":"https:\/\/gradski.me\/en\/wp-json\/wp\/v2\/media\/898480"}],"wp:attachment":[{"href":"https:\/\/gradski.me\/en\/wp-json\/wp\/v2\/media?parent=935209"}],"wp:term":[{"taxonomy":"category","embeddable":true,"href":"https:\/\/gradski.me\/en\/wp-json\/wp\/v2\/categories?post=935209"},{"taxonomy":"post_tag","embeddable":true,"href":"https:\/\/gradski.me\/en\/wp-json\/wp\/v2\/tags?post=935209"},{"taxonomy":"naslovna","embeddable":true,"href":"https:\/\/gradski.me\/en\/wp-json\/wp\/v2\/naslovna?post=935209"}],"curies":[{"name":"wp","href":"https:\/\/api.w.org\/{rel}","templated":true}]}}