{"id":935150,"date":"2026-03-09T15:19:00","date_gmt":"2026-03-09T14:19:00","guid":{"rendered":"https:\/\/gradski.me\/?p=935150"},"modified":"2026-03-09T15:34:49","modified_gmt":"2026-03-09T14:34:49","slug":"hra-direktor-policije-mora-trpjeti-visi-stepen-kritike-u-politickom-govoru","status":"publish","type":"post","link":"https:\/\/gradski.me\/en\/drustvo\/hra-direktor-policije-mora-trpjeti-visi-stepen-kritike-u-politickom-govoru\/","title":{"rendered":"HRA: Police Director must tolerate higher level of criticism in political speech"},"content":{"rendered":"<p><br><br><\/p>\n\n\n\n<p>Kako su kazali, javni funkcioneri, pa i direktor Uprave policije, moraju trpjeti vi\u0161i stepen kritike, uklju\u010duju\u0107i i o\u0161tru ili uvredljivu retoriku, u okviru politi\u010dke debate u demokratskom dru\u0161tvu.<\/p>\n\n\n\n<p>\u201cPoslanik DNP Milan Kne\u017eevi\u0107 obavije\u0161ten je 27. februara 2026. godine da su slu\u017ebenici Odjeljenja bezbjednosti Podgorica protiv njega podnijeli zahtjev za pokretanje prekr\u0161ajnog postupka pred Sudom za prekr\u0161aje u Podgorici zbog prekr\u0161aja \u2013 grubo vrije\u0111anje na javnom mjestu \u2013 iz \u010dlana 7 stav 2 Zakona o javnom redu i miru na \u0161tetu direktora Uprave policije Lazara \u0160\u0107epanovi\u0107a\u201d, navodi se u saop\u0161tenju.<\/p>\n\n\n\n<p>Postupak je pokrenut zbog izjave koju je Kne\u017eevi\u0107 dao 31. decembra 2025. godine za vrijeme protesta gra\u0111ana Zete.<\/p>\n\n\n\n<p>Kako su pojasnili iz HRA, Kne\u017eevi\u0107 je tom prilikom kritikuju\u0107i postupanje policije prema gra\u0111anima, direktora policije nazvao nadimkom \u201eBukva\u201c.<\/p>\n\n\n\n<p>\u201cIako se taj izraz mo\u017ee do\u017eivjeti kao uvredljiv, prema ustaljenoj praksi Evropskog suda za ljudska prava, sloboda izra\u017eavanja \u0161titi i izra\u017eavanje koje uklju\u010duje odre\u0111enu dozu vrije\u0111anja, pretjerivanja ili provokacije, kada je rije\u010d o pitanjima od javnog interesa\u201d, pi\u0161e dalje u saop\u0161tenju.<\/p>\n\n\n\n<p>Iz HRA su ocijenili da je u ovom slu\u010daju sporni izraz upotrijebljen u kontekstu politi\u010dkog protesta i kritike postupanja policije prema gra\u0111anima.<\/p>\n\n\n\n<p>Kako su pojasnili, kako se izjava odnosi na visokog javnog funkcionera, prag dopu\u0161tene kritike je znatno \u0161iri.<\/p>\n\n\n\n<p>\u201cEvropski sud za ljudska prava je, primjera radi, u presudi Oberschlick v. Austria (No. 2) ocijenio da nazivanje politi\u010dara \u201eidiotom\u201c mo\u017ee biti dopu\u0161teno u politi\u010dkoj debati. U predmetu Gaspari v. Armenia (No. 2) taj sud je tako\u0111e zaklju\u010dio da izrazi poput \u201ehuligan\u201c, \u201eidiot\u201c, \u201ezvijer\u201c ili \u201eolo\u0161\u201c, upu\u0107eni \u0161efu policije tokom protesta, mogu biti dio politi\u010dke kritike vlasti koja se toleri\u0161e. Sli\u010dno tome, zaklju\u010dio je i da lokalni predsjednik Zelenih u Hrvatskoj nije smio biti ka\u017enjen za uvredu, iako je tokom politi\u010dke debate predsjednika op\u0161tine nazvao \u201ebuba\u0161vabom\u201d (Bon v. Croatia)\u201d, dodaju iz HRA.<\/p>\n\n\n\n<p>U presudi Castells v. Spain , taj sud je naglasio da je sloboda izra\u017eavanja posebno va\u017ena za izabrane predstavnike naroda, jer oni zastupaju interese svojih bira\u010da i ukazuju na pitanja od javnog interesa.<\/p>\n\n\n\n<p>\u201cPokretanje prekr\u0161ajnog postupka zbog ovakvog izraza je nesrazmjerno ograni\u010denje politi\u010dkog govora i odstupa od standarda slobode izra\u017eavanja koje je uspostavio Evropski sud za ljudska prava. Ovakav policijski potez se mo\u017ee tuma\u010diti i kao zloupotreba aparata dr\u017eavne represije radi za\u0161tite li\u010dnih osje\u0107anja direktora policije\u201d, ocijenili su iz HRA.<\/p>\n\n\n\n<p>Istakli su da o\u010dekuju da Uprava policije preispita odluku i odustane od prekr\u0161ajnog postupka.<\/p>\n\n\n\n<p>\u201cAko do toga ne do\u0111e, Sud za prekr\u0161aje u Podgorici ima obavezu da adekvatno razmotri i primijeni sve relevatne standarde Evropskog suda za ljudska prava u cilju za\u0161tite slobode izra\u017eavanja u politi\u010dkoj debati\u201d, zaklju\u010dili su.<\/p>","protected":false},"excerpt":{"rendered":"<p>Iz Akcije za ljudska prava (HRA) saop\u0161teno je da o\u010dekuju da Uprava policije uzme u obzir evropske standarde slobode govora i odustane od prekr\u0161ajnog gonjenja poslanika Milana Kne\u017eevi\u0107a zbog uvrede njenog direktora, posebno jer se to u ovom slu\u010daju, kako su kazali, mo\u017ee smatrati i zloupotrebom aparata dr\u017eavne represije u cilju za\u0161tite li\u010dnih osje\u0107anja direktora policije.<\/p>","protected":false},"author":5,"featured_media":916173,"comment_status":"open","ping_status":"open","sticky":false,"template":"","format":"standard","meta":{"_acf_changed":false,"footnotes":"","jetpack_publicize_message":"","jetpack_publicize_feature_enabled":true,"jetpack_social_post_already_shared":true,"jetpack_social_options":{"image_generator_settings":{"template":"highway","default_image_id":0,"font":"","enabled":false},"version":2}},"categories":[9],"tags":[27205,2339],"naslovna":[],"class_list":["post-935150","post","type-post","status-publish","format-standard","has-post-thumbnail","hentry","category-drustvo","tag-direktor-policije","tag-hra"],"acf":[],"jetpack_publicize_connections":[],"_links":{"self":[{"href":"https:\/\/gradski.me\/en\/wp-json\/wp\/v2\/posts\/935150","targetHints":{"allow":["GET"]}}],"collection":[{"href":"https:\/\/gradski.me\/en\/wp-json\/wp\/v2\/posts"}],"about":[{"href":"https:\/\/gradski.me\/en\/wp-json\/wp\/v2\/types\/post"}],"author":[{"embeddable":true,"href":"https:\/\/gradski.me\/en\/wp-json\/wp\/v2\/users\/5"}],"replies":[{"embeddable":true,"href":"https:\/\/gradski.me\/en\/wp-json\/wp\/v2\/comments?post=935150"}],"version-history":[{"count":1,"href":"https:\/\/gradski.me\/en\/wp-json\/wp\/v2\/posts\/935150\/revisions"}],"predecessor-version":[{"id":935151,"href":"https:\/\/gradski.me\/en\/wp-json\/wp\/v2\/posts\/935150\/revisions\/935151"}],"wp:featuredmedia":[{"embeddable":true,"href":"https:\/\/gradski.me\/en\/wp-json\/wp\/v2\/media\/916173"}],"wp:attachment":[{"href":"https:\/\/gradski.me\/en\/wp-json\/wp\/v2\/media?parent=935150"}],"wp:term":[{"taxonomy":"category","embeddable":true,"href":"https:\/\/gradski.me\/en\/wp-json\/wp\/v2\/categories?post=935150"},{"taxonomy":"post_tag","embeddable":true,"href":"https:\/\/gradski.me\/en\/wp-json\/wp\/v2\/tags?post=935150"},{"taxonomy":"naslovna","embeddable":true,"href":"https:\/\/gradski.me\/en\/wp-json\/wp\/v2\/naslovna?post=935150"}],"curies":[{"name":"wp","href":"https:\/\/api.w.org\/{rel}","templated":true}]}}