{"id":934930,"date":"2026-03-08T19:54:01","date_gmt":"2026-03-08T18:54:01","guid":{"rendered":"https:\/\/gradski.me\/?p=934930"},"modified":"2026-03-11T12:40:06","modified_gmt":"2026-03-11T11:40:06","slug":"helikopterska-evakuacija-sa-sinjajevine-zena-sa-povrijedjenom-kicmom-hitno-prebacena-u-urgentni-centar","status":"publish","type":"post","link":"https:\/\/gradski.me\/en\/uncategorized\/helikopterska-evakuacija-sa-sinjajevine-zena-sa-povrijedjenom-kicmom-hitno-prebacena-u-urgentni-centar\/","title":{"rendered":"Helicopter evacuation from Sinjajevina: Woman with spinal injury urgently transferred to the Emergency Center"},"content":{"rendered":"<p><\/p>\n\n\n\n<p>Navode da je nakon prijema poziva, organizovan hitan transport povrije\u0111ene osobe, koji je realizovala Avio-helikopterska jedinica Direktorata za za\u0161titu i spa\u0161avanje.<\/p>\n\n\n\n<figure class=\"wp-block-image size-large\"><img fetchpriority=\"high\" decoding=\"async\" width=\"1024\" height=\"768\" src=\"https:\/\/gradski.me\/wp-content\/uploads\/2026\/03\/8.3.-1-1024x768.webp\" alt=\"\" class=\"wp-image-934935\" title=\"\" srcset=\"https:\/\/gradski.me\/wp-content\/uploads\/2026\/03\/8.3.-1-1024x768.webp 1024w, https:\/\/gradski.me\/wp-content\/uploads\/2026\/03\/8.3.-1-300x225.webp 300w, https:\/\/gradski.me\/wp-content\/uploads\/2026\/03\/8.3.-1-768x576.webp 768w, https:\/\/gradski.me\/wp-content\/uploads\/2026\/03\/8.3.-1-1536x1152.webp 1536w, https:\/\/gradski.me\/wp-content\/uploads\/2026\/03\/8.3.-1-16x12.webp 16w, https:\/\/gradski.me\/wp-content\/uploads\/2026\/03\/8.3.-1.webp 1600w\" sizes=\"(max-width: 1024px) 100vw, 1024px\" \/><figcaption class=\"wp-element-caption\">Photo: MUP<\/figcaption><\/figure>\n\n\n\n<p>Zahvaljuju\u0107i brzoj reakciji i koordinaciji nadle\u017enih slu\u017ebi, transport je uspje\u0161no izvr\u0161en, a povrije\u0111ena je bezbjedno predata na dalje lije\u010denje medicinskom osoblju Urgentnog centra Crne Gore.<\/p>\n\n\n\n<p>,,Ministarstvo unutra\u0161njih poslova nastavlja da, kroz rad Operativno-komunikacionog centra 112, Aviohelikopterske jedinice i ostalih svojih specijalizovanih jedinica, pru\u017ea brzu i efikasnu pomo\u0107 gra\u0111anima u hitnim situacijama&#8220;, zaklju\u010duju iz Ministarstva unutra\u0161njih poslova.<\/p>","protected":false},"excerpt":{"rendered":"<p>Operativno-komunikacioni centar 112 Direktorata za za\u0161titu i spa\u0161avanje primio je poziv danas u 13:30 \u010dasova, u kojem je prijavljeno da je \u017eenska osoba zadobila povredu ki\u010dmenog stuba na Sinjajevini, zbog \u010dega je bilo neophodno njeno hitno medicinsko zbrinjavanje u Urgentnom centru Crne Gore, saop\u0161teno je iz Ministarstva unutra\u0161njih poslova (MUP).<\/p>","protected":false},"author":14,"featured_media":934934,"comment_status":"open","ping_status":"open","sticky":false,"template":"","format":"standard","meta":{"_acf_changed":false,"footnotes":"","jetpack_publicize_message":"","jetpack_publicize_feature_enabled":true,"jetpack_social_post_already_shared":true,"jetpack_social_options":{"image_generator_settings":{"template":"highway","default_image_id":0,"font":"","enabled":false},"version":2}},"categories":[1],"tags":[1197,27154,17957,19300,27155],"naslovna":[],"class_list":["post-934930","post","type-post","status-publish","format-standard","has-post-thumbnail","hentry","category-uncategorized","tag-evakuacija","tag-helikopterska-jedinica","tag-sinjajevina","tag-urgentni-centar","tag-zena-sa-povrijedjenom-kicmom"],"acf":[],"jetpack_publicize_connections":[],"_links":{"self":[{"href":"https:\/\/gradski.me\/en\/wp-json\/wp\/v2\/posts\/934930","targetHints":{"allow":["GET"]}}],"collection":[{"href":"https:\/\/gradski.me\/en\/wp-json\/wp\/v2\/posts"}],"about":[{"href":"https:\/\/gradski.me\/en\/wp-json\/wp\/v2\/types\/post"}],"author":[{"embeddable":true,"href":"https:\/\/gradski.me\/en\/wp-json\/wp\/v2\/users\/14"}],"replies":[{"embeddable":true,"href":"https:\/\/gradski.me\/en\/wp-json\/wp\/v2\/comments?post=934930"}],"version-history":[{"count":1,"href":"https:\/\/gradski.me\/en\/wp-json\/wp\/v2\/posts\/934930\/revisions"}],"predecessor-version":[{"id":934941,"href":"https:\/\/gradski.me\/en\/wp-json\/wp\/v2\/posts\/934930\/revisions\/934941"}],"wp:featuredmedia":[{"embeddable":true,"href":"https:\/\/gradski.me\/en\/wp-json\/wp\/v2\/media\/934934"}],"wp:attachment":[{"href":"https:\/\/gradski.me\/en\/wp-json\/wp\/v2\/media?parent=934930"}],"wp:term":[{"taxonomy":"category","embeddable":true,"href":"https:\/\/gradski.me\/en\/wp-json\/wp\/v2\/categories?post=934930"},{"taxonomy":"post_tag","embeddable":true,"href":"https:\/\/gradski.me\/en\/wp-json\/wp\/v2\/tags?post=934930"},{"taxonomy":"naslovna","embeddable":true,"href":"https:\/\/gradski.me\/en\/wp-json\/wp\/v2\/naslovna?post=934930"}],"curies":[{"name":"wp","href":"https:\/\/api.w.org\/{rel}","templated":true}]}}