{"id":934858,"date":"2026-03-08T22:42:00","date_gmt":"2026-03-08T21:42:00","guid":{"rendered":"https:\/\/gradski.me\/?p=934858"},"modified":"2026-03-08T22:06:55","modified_gmt":"2026-03-08T21:06:55","slug":"vranes-gradski-prevoz-mora-biti-besplatan","status":"publish","type":"post","link":"https:\/\/gradski.me\/en\/drustvo\/vranes-gradski-prevoz-mora-biti-besplatan\/","title":{"rendered":"Vranes: City transportation must be free"},"content":{"rendered":"<p><\/p>\n\n\n\n<p>Kako navode u saop\u0161tenju, prvi put u istoriji Pljevalja, 02.02. ove godine po\u010deo je sa radom gradski prevoz. Ve\u0107 nakon prvih nekoliko dana zainteresovanost gra\u0111ana, kako ka\u017eu, a posebno u\u010denika i penzionera, prema\u0161ila je sva o\u010dekivanja.<\/p>\n\n\n\n<p>&#8222;Gradski prevoz je jedan od najzna\u010dajnijih projekata ove lokalne uprave u 2025. godini. Ozbiljno smo pristupili ovom projektu, vrijedno radili punih godinu dana i rezultat su hiljade zadovoljnih korisnika, na\u0161ih sugra\u0111ana. Gradski prevoz je u pravom smislu pun pogodak i prema\u0161io je sva o\u010dekivanja. Ovo je tek po\u010detak, ve\u0107 radimo na izradi elaborata i \u0161irenju gradskih, kao i uvo\u0111enju prigradskih linija prema seoskom podru\u010dju&#8220;, isti\u010de Vrane\u0161.<\/p>\n\n\n\n<p>On dodaje da gradski prevoz mora biti potpuno besplatan.<\/p>\n\n\n\n<p>&#8222;Sve kategorije stanovni\u0161tva u\u017eivaju neke od benefita lokalnog bud\u017eeta: poljoprivredni proizvo\u0111a\u010di mnogobrojne subvencije agrobud\u017eeta, oko 1200 korisnika subvenciju za ekolo\u0161ko gorivo \u2013 pelet, mladi bra\u010dni parovi subvencije za rje\u0161avanje stambenog pitanja, na\u0161i mali\u0161ani dje\u010dije dodatke, tako da i gradsko stanovni\u0161tvo, posebno penzioneri i u\u010denici, treba da dobiju potpuno besplatan gradski prevoz. Bori\u0107emo se za to\u201c, izjavio je predsjednik op\u0161tine dr Dario Vrane\u0161 nakon potpisivanja jo\u0161 jednog elaborata za gradsku autobusu liniju.<\/p>\n\n\n\n<p>Na kraju isti\u010du da se Pljevlja ve\u0107 decenijama suo\u010davaju sa odlivom stanovni\u0161tva i negativnim prirodnim prira\u0161tajem, zbog \u010dega je lokalna uprava uvela \u010ditav set mjera me\u0111u kojima je, na neki na\u010din, i besplatan gradski prevoz.<\/p>","protected":false},"excerpt":{"rendered":"<p>Predsjednik Op\u0161tine Pljevlja, Dario Vrane\u0161, ocijenio je da bi gradski prevoz u tom gradu trebalo da bude potpuno besplatan za gra\u0111ane, posebno za penzionere i u\u010denike, isti\u010du\u0107i da je uvo\u0111enje gradskog prevoza ve\u0107 pokazalo veliku zainteresovanost i prema\u0161ilo o\u010dekivanja lokalne uprave.<\/p>","protected":false},"author":14,"featured_media":899421,"comment_status":"open","ping_status":"open","sticky":false,"template":"","format":"standard","meta":{"_acf_changed":false,"footnotes":"","jetpack_publicize_message":"","jetpack_publicize_feature_enabled":true,"jetpack_social_post_already_shared":true,"jetpack_social_options":{"image_generator_settings":{"template":"highway","default_image_id":0,"font":"","enabled":false},"version":2}},"categories":[9],"tags":[4688,156],"naslovna":[],"class_list":["post-934858","post","type-post","status-publish","format-standard","has-post-thumbnail","hentry","category-drustvo","tag-dario-vranes","tag-gradski-prevoz"],"acf":[],"jetpack_publicize_connections":[],"_links":{"self":[{"href":"https:\/\/gradski.me\/en\/wp-json\/wp\/v2\/posts\/934858","targetHints":{"allow":["GET"]}}],"collection":[{"href":"https:\/\/gradski.me\/en\/wp-json\/wp\/v2\/posts"}],"about":[{"href":"https:\/\/gradski.me\/en\/wp-json\/wp\/v2\/types\/post"}],"author":[{"embeddable":true,"href":"https:\/\/gradski.me\/en\/wp-json\/wp\/v2\/users\/14"}],"replies":[{"embeddable":true,"href":"https:\/\/gradski.me\/en\/wp-json\/wp\/v2\/comments?post=934858"}],"version-history":[{"count":1,"href":"https:\/\/gradski.me\/en\/wp-json\/wp\/v2\/posts\/934858\/revisions"}],"predecessor-version":[{"id":934859,"href":"https:\/\/gradski.me\/en\/wp-json\/wp\/v2\/posts\/934858\/revisions\/934859"}],"wp:featuredmedia":[{"embeddable":true,"href":"https:\/\/gradski.me\/en\/wp-json\/wp\/v2\/media\/899421"}],"wp:attachment":[{"href":"https:\/\/gradski.me\/en\/wp-json\/wp\/v2\/media?parent=934858"}],"wp:term":[{"taxonomy":"category","embeddable":true,"href":"https:\/\/gradski.me\/en\/wp-json\/wp\/v2\/categories?post=934858"},{"taxonomy":"post_tag","embeddable":true,"href":"https:\/\/gradski.me\/en\/wp-json\/wp\/v2\/tags?post=934858"},{"taxonomy":"naslovna","embeddable":true,"href":"https:\/\/gradski.me\/en\/wp-json\/wp\/v2\/naslovna?post=934858"}],"curies":[{"name":"wp","href":"https:\/\/api.w.org\/{rel}","templated":true}]}}