{"id":934835,"date":"2026-03-08T18:27:00","date_gmt":"2026-03-08T17:27:00","guid":{"rendered":"https:\/\/gradski.me\/?p=934835"},"modified":"2026-03-08T17:02:16","modified_gmt":"2026-03-08T16:02:16","slug":"maksimalnih-100-poena-za-petra-nikolica-u-pancevu","status":"publish","type":"post","link":"https:\/\/gradski.me\/en\/kultura\/maksimalnih-100-poena-za-petra-nikolica-u-pancevu\/","title":{"rendered":"Maximum 100 points for Petar Nikoli\u0107 in Pan\u010devo"},"content":{"rendered":"<p><\/p>\n\n\n\n<p>Petar, u\u010denik drugog razreda Srednje muzi\u010dke \u0161kole \u201eVasa Pavi\u0107\u201d u Podgorici, u klasi profesora Marka Prenti\u0107a, briljirao je u svojoj kategoriji osvojiv\u0161i maksimalnih 100 poena. Njegovo izvo\u0111enje jednoglasno je ocijenio stru\u010dni \u017eiri sastavljen od uglednih profesora gitare iz regiona: Dr. Slobodana Milivojevi\u0107a, Stevana Jovi\u0107a i Nenada Petrovi\u0107a.<\/p>\n\n\n\n<p>Ovaj trijumf u Pan\u010devu samo je potvrdio Petrov kvalitet i kontinuitet na regionalnoj i evropskoj sceni. U proteklih godinu i po dana, mladi umjetnik je nanizao \u010dak 16 presti\u017enih nagrada, pobje\u0111uju\u0107i na takmi\u010denjima u Crnoj Gori, Srbiji, Hrvatskoj, Bosni i Hercegovini, Ma\u0111arskoj i Gr\u010dkoj.<\/p>\n\n\n\n<p>Pobjedom sa maksimalnim brojem poena na samom po\u010detku 2026. godine, Petar Nikoli\u0107 nastavlja da na najljep\u0161i na\u010din predstavlja crnogorsko muzi\u010dko \u0161kolstvo i klasu profesora Prenti\u0107a, potvr\u0111uju\u0107i status jednog od najperspektivnijih mladih gitarista svoje generacije.<\/p>","protected":false},"excerpt":{"rendered":"<p>Mladi crnogorski gitarista Petar Nikoli\u0107 ostvario je jo\u0161 jedan izuzetan me\u0111unarodni uspjeh osvajanjem prvog mjesta na 15. Medjunarodnom takmi\u010denju mladih talenata u Pan\u010devu.<\/p>","protected":false},"author":14,"featured_media":929070,"comment_status":"open","ping_status":"open","sticky":false,"template":"","format":"standard","meta":{"_acf_changed":false,"footnotes":"","jetpack_publicize_message":"","jetpack_publicize_feature_enabled":true,"jetpack_social_post_already_shared":true,"jetpack_social_options":{"image_generator_settings":{"template":"highway","default_image_id":0,"font":"","enabled":false},"version":2}},"categories":[11],"tags":[27136,27137,681],"naslovna":[],"class_list":["post-934835","post","type-post","status-publish","format-standard","has-post-thumbnail","hentry","category-kultura","tag-100-poena","tag-pancevo","tag-petar-nikolic"],"acf":[],"jetpack_publicize_connections":[],"_links":{"self":[{"href":"https:\/\/gradski.me\/en\/wp-json\/wp\/v2\/posts\/934835","targetHints":{"allow":["GET"]}}],"collection":[{"href":"https:\/\/gradski.me\/en\/wp-json\/wp\/v2\/posts"}],"about":[{"href":"https:\/\/gradski.me\/en\/wp-json\/wp\/v2\/types\/post"}],"author":[{"embeddable":true,"href":"https:\/\/gradski.me\/en\/wp-json\/wp\/v2\/users\/14"}],"replies":[{"embeddable":true,"href":"https:\/\/gradski.me\/en\/wp-json\/wp\/v2\/comments?post=934835"}],"version-history":[{"count":1,"href":"https:\/\/gradski.me\/en\/wp-json\/wp\/v2\/posts\/934835\/revisions"}],"predecessor-version":[{"id":934836,"href":"https:\/\/gradski.me\/en\/wp-json\/wp\/v2\/posts\/934835\/revisions\/934836"}],"wp:featuredmedia":[{"embeddable":true,"href":"https:\/\/gradski.me\/en\/wp-json\/wp\/v2\/media\/929070"}],"wp:attachment":[{"href":"https:\/\/gradski.me\/en\/wp-json\/wp\/v2\/media?parent=934835"}],"wp:term":[{"taxonomy":"category","embeddable":true,"href":"https:\/\/gradski.me\/en\/wp-json\/wp\/v2\/categories?post=934835"},{"taxonomy":"post_tag","embeddable":true,"href":"https:\/\/gradski.me\/en\/wp-json\/wp\/v2\/tags?post=934835"},{"taxonomy":"naslovna","embeddable":true,"href":"https:\/\/gradski.me\/en\/wp-json\/wp\/v2\/naslovna?post=934835"}],"curies":[{"name":"wp","href":"https:\/\/api.w.org\/{rel}","templated":true}]}}