{"id":934764,"date":"2026-03-08T15:42:00","date_gmt":"2026-03-08T14:42:00","guid":{"rendered":"https:\/\/gradski.me\/?p=934764"},"modified":"2026-03-08T15:07:35","modified_gmt":"2026-03-08T14:07:35","slug":"zekovic-dopunio-krivicnu-prijavu-zbog-zlocina-nad-albancima-i-bosnjacima-1945-godine-u-baru","status":"publish","type":"post","link":"https:\/\/gradski.me\/en\/hronika\/zekovic-dopunio-krivicnu-prijavu-zbog-zlocina-nad-albancima-i-bosnjacima-1945-godine-u-baru\/","title":{"rendered":"Zekovi\u0107 supplemented the criminal complaint for crimes against Albanians and Bosniaks in 1945 in Bar"},"content":{"rendered":"<p><\/p>\n\n\n\n<p>On isti\u010de da su u Baru, 1. aprila 1945. godine, u miru, ne u ratu, prema zvani\u010dnim vojnim podacima, ubijene najmanje 452 osobe albanske i bo\u0161nja\u010dke nacionalnosti dok je njih 104 ranjeno.<\/p>\n\n\n\n<p>\u201cDopuna prijave zasnovana je na memoarskom zapisu Vasa Markovog Vujovi\u0107a koji dodatno rasvjetljava ovaj te\u0161ki zlo\u010din. Skriptu o \u017eivotnom putu pokojnog Vasa Vujovi\u0107a, njegova porodica je ustupila crnogorskom nezavisnom ne\u0111eljniku \u201cMonitor\u201d a oni javnosti i biblioteci Istorijskog instituta Univerziteta Crne Gore\u201d, kazao je Zekovi\u0107.<\/p>\n\n\n\n<p>Egzekuciju su, navodi on, izvr\u0161ili pripadnici X crnogorske udarne brigade kojoj su regruti predati na sprovo\u0111enje od Skadra do Bara.<\/p>\n\n\n\n<p>\u201cRadi se o istoj brigadi \u010diji su pripadnici i na Cetinju, novembra 1944. godine, izvr\u0161ili ratni zlo\u010din nad civilnim stanovni\u0161tvom. Ina\u010de, ulice u nekoliko crnogorskih op\u0161tina i danas nose ime po ovoj brigadi\u201d, kazao je Zekovi\u0107.<\/p>\n\n\n\n<p>Na osnovu zapisa Vujovi\u0107a, isti\u010de Zekovi\u0107, saznaje se da je jedan broj ranjenih Albanaca i Bo\u0161njaka ubijen, \u201csa po jednim metkom\u201d, iz vatrenog oru\u017eja kako bi se po\u0161tedjeli daljih muka jer im nije bilo spasa.<\/p>\n\n\n\n<p>\u201cVujovi\u0107 tvrdi da su partizani, kojima je i sam pripadao, na \u017eeljezni\u010dkoj stanici prikupili le\u0161eve 700 ubijenih kosovskih Albanaca i Bo\u0161njaka, naslo\u017eili ih u \u010detiri vagona i odvezli iz Bara. Negdje, tvrdi on, ispod Sutormana le\u0161evi su izru\u010deni, nasuti benzinom i zapaljeni. Vujovi\u0107 otvoreno pi\u0161e i o plja\u010dkanju mrtvih kosovskih regruta. Ovakav odnos prema mrtvima je suprotan i islamskoj pravnoj tradiciji\u201d, isti\u010de Zekovi\u0107.<\/p>\n\n\n\n<p>Demokratska javnost, prema njegovom mi\u0161ljenju, duguje po\u0161tovanje i zahvalnost \u017deljku Vujovi\u0107u i nagra\u0111ivanom novinaru Jovu Martinovi\u0107u zbog odluke da konkretnu memoarsku gra\u0111u, odnosno autenti\u010dnu ljudsku pri\u010du, u\u010dine javnom i ustupe nauci i politikama sje\u0107anja na dalju obradu. Specifi\u010dnosti ovog zlo\u010dina sada su, ka\u017ee on, prili\u010dno jasnije.<\/p>\n\n\n\n<p>\u201cRanijim dopunama krivi\u010dne prijave je ukazano da je zna\u010dajan broj ubijenih civila, posebno oni koji su sa glavne lokacije zlo\u010dina, poku\u0161ali pobje\u0107i ka Starom Baru, pokopan na brdu Mukoval, op\u0161tina Bar. Mje\u0161tani su te prikrivene masovne grobnice decenijama savjesno obilje\u017eavali spa\u0161avaju\u0107i ih od zaborava\u201d, kazao je Zekovi\u0107.<\/p>\n\n\n\n<p>Navodi da se krivi\u010dnoj prijavi pridru\u017eila i nevladina organizacija \u201cCrnogorski komitet pravnika za za\u0161titu ljudskih prava\u201d na \u010dijem je \u010delu ugledni advokat <strong>Velija Muri\u0107<\/strong> iz Ro\u017eaja.<\/p>\n\n\n\n<p>\u201cMasakr u Baru se nesporno dogodio i \u017ertve se vi\u0161e ne mogu poricati ili negirati\u201d, isti\u010de Zekovi\u0107.<\/p>\n\n\n\n<p>Nadle\u017enom tijelu Skup\u0161tine op\u0161tine Bar, na \u010diju se gra\u0111ansku i politi\u010dku autonomiju posebno ra\u010duna, od strane advokata iz Tuzi <strong>Kolje Camaja<\/strong> i Aleksandra Sa\u0161e Zekovi\u0107a, je predlo\u017eena i memorijalizacija ovog zlo\u010dina.<\/p>\n\n\n\n<p>\u201cBrojne su, \u0161irom Crne Gore, ulice ili trgovi posve\u0107eni \u017ertavama fa\u0161izma ili golooto\u010dkim \u017ertvama \u010diji nazivi ne smetaju tamo\u0161njem stanovni\u0161tvu niti vlastima koje su svojevremeno obrazovale iste politi\u010dke stranke koje trenutno upravljaju i Barom\u201d, zaklju\u010duje Zekovi\u0107.<\/p>","protected":false},"excerpt":{"rendered":"<p>Specijalnom dr\u017eavnom tu\u017eila\u0161tvu (SDT) Crne Gore je podnijeta dopuna krivi\u010dne prijave zbog zlo\u010dina nad Albancima i Bo\u0161njacima s Kosova koji su prisilno regrutovani u Narodnooslobodila\u010dku vojsku Jugoslavije za potrebe osloba\u0111anja dana\u0161nje Hrvatske i osvajanja Trsta, saop\u0161tio je aktivista za ljudska prava i politiku sje\u0107anja, Aleksandar Sa\u0161a Zekovi\u0107.<\/p>","protected":false},"author":8,"featured_media":924220,"comment_status":"open","ping_status":"open","sticky":false,"template":"","format":"standard","meta":{"_acf_changed":false,"footnotes":"","jetpack_publicize_message":"","jetpack_publicize_feature_enabled":true,"jetpack_social_post_already_shared":true,"jetpack_social_options":{"image_generator_settings":{"template":"highway","default_image_id":0,"font":"","enabled":false},"version":2}},"categories":[10],"tags":[12557,2720,3427,183],"naslovna":[],"class_list":["post-934764","post","type-post","status-publish","format-standard","has-post-thumbnail","hentry","category-hronika","tag-albanci","tag-aleksandar-sasa-zekovic","tag-bosnjaci-2","tag-sdt"],"acf":[],"jetpack_publicize_connections":[],"_links":{"self":[{"href":"https:\/\/gradski.me\/en\/wp-json\/wp\/v2\/posts\/934764","targetHints":{"allow":["GET"]}}],"collection":[{"href":"https:\/\/gradski.me\/en\/wp-json\/wp\/v2\/posts"}],"about":[{"href":"https:\/\/gradski.me\/en\/wp-json\/wp\/v2\/types\/post"}],"author":[{"embeddable":true,"href":"https:\/\/gradski.me\/en\/wp-json\/wp\/v2\/users\/8"}],"replies":[{"embeddable":true,"href":"https:\/\/gradski.me\/en\/wp-json\/wp\/v2\/comments?post=934764"}],"version-history":[{"count":1,"href":"https:\/\/gradski.me\/en\/wp-json\/wp\/v2\/posts\/934764\/revisions"}],"predecessor-version":[{"id":934765,"href":"https:\/\/gradski.me\/en\/wp-json\/wp\/v2\/posts\/934764\/revisions\/934765"}],"wp:featuredmedia":[{"embeddable":true,"href":"https:\/\/gradski.me\/en\/wp-json\/wp\/v2\/media\/924220"}],"wp:attachment":[{"href":"https:\/\/gradski.me\/en\/wp-json\/wp\/v2\/media?parent=934764"}],"wp:term":[{"taxonomy":"category","embeddable":true,"href":"https:\/\/gradski.me\/en\/wp-json\/wp\/v2\/categories?post=934764"},{"taxonomy":"post_tag","embeddable":true,"href":"https:\/\/gradski.me\/en\/wp-json\/wp\/v2\/tags?post=934764"},{"taxonomy":"naslovna","embeddable":true,"href":"https:\/\/gradski.me\/en\/wp-json\/wp\/v2\/naslovna?post=934764"}],"curies":[{"name":"wp","href":"https:\/\/api.w.org\/{rel}","templated":true}]}}