{"id":934382,"date":"2025-05-31T12:05:00","date_gmt":"2025-05-31T10:05:00","guid":{"rendered":"https:\/\/gradski.me\/uncategorized\/turske-vlasti-naredile-pritvaranje-desetina-opozicionih-zvanicnika\/"},"modified":"2025-05-31T12:05:00","modified_gmt":"2025-05-31T10:05:00","slug":"turske-vlasti-naredile-pritvaranje-desetina-opozicionih-zvanicnika","status":"publish","type":"post","link":"https:\/\/gradski.me\/en\/svijet\/turske-vlasti-naredile-pritvaranje-desetina-opozicionih-zvanicnika\/","title":{"rendered":"Turske vlasti naredile pritvaranje desetina opozicionih zvani\u010dnika"},"content":{"rendered":"<p>Dr\u017eavna novinska agencija Anadolija i privatna agencija NTV izvijestile su da su izdati nalozi za pritvor 47 osoba u \u010detiri odvojene istrage o korupciji, a 28 je pritvoreno.<\/p>\n\n\n\n<p>Me\u0111u pritvorenima je biv\u0161i poslanik glavne opozicione Republikanske narodne partije (CHP)\u00a0Ajkut Erdogdu\u00a0gradona\u010delnici nekoliko okruga u Istanbulu, visoki slu\u017ebenici u op\u0161tini Istanbul ili institucijama povezanim sa njom i gradona\u010delnici dva okruga u ju\u017enoj provinciji Adana.<\/p>\n\n\n\n<p>Navodi se da je policija tako\u0111e pretra\u017eila zgrade op\u0161tina Avd\u017eilar, Bujuk\u010dekmed\u017ee, Gaziosmanpa\u0161a, Sejdan i D\u017eejhan, za \u010dije je gradona\u010delnike nare\u0111eno pritvaranje u okviru istrage.<\/p>\n\n\n\n<p>Gradona\u010delnik Istanbula\u00a0Ekrem Imamolu, koji je tako\u0111e glavni politi\u010dki rival predsjednika\u00a0Red\u017eepa Tajipa Erdogana\u00a0i ima prednost u istra\u017eivanju javnog mnjenja, zatvoren je u martu do su\u0111enja zbog optu\u017ebi za korupciju i pomaganje teroristi\u010dkoj grupi, \u0161to on sve pori\u010de.<\/p>\n\n\n\n<p>Hap\u0161enje gradona\u010delnika Imamolua izazvalo je masovne proteste, ekonomsko previranja i \u0161iroke optu\u017ebe za uticaj Vlade na pravosu\u0111e. Vlada to pori\u010de i tvrdi da je pravosu\u0111e nezavisno.<\/p>\n\n\n\n<p>Kao odgovor na novi talas pritvaranja, CHP je sazvao hitan sastanak u Istanbulu.<\/p>\n\n\n\n<p>Od Imamoluovog hap\u0161enja, vlasti su pritvorile desetine \u010dlanova CHP-a, zvani\u010dnika iz op\u0161tine Istanbul i drugih op\u0161tina kojima upravlja CHP. Pristup Imamoluovom nalogu na mre\u017ei \u201cIks\u201d tako\u0111e je blokiran u Turskoj.<\/p>\n\n\n\n<p>Neke zapadne zemlje, grupe za ljudska prava i CHP vi\u0161e puta su rekli da su operacije antidemokratske i da im je cilj da uni\u0161te izborne izglede opozicije. Imamolu i njegova CHP partija su naveli da nema konkretnih dokaza protiv njega.<\/p>\n\n\n\n<p>Ankete javnog mnjenja pokazuju da je podr\u0161ka javnosti Imamoluu porasla od njegovog hap\u0161enja, pove\u0107avaju\u0107i njegovu prednost nad Erdoganom i poja\u010davaju\u0107i stav da \u0107e biti Erdoganov glavni rival na sljede\u0107im predsjedni\u010dkim izborima, koji se ne odr\u017eavaju prije 2028. godine.<\/p>","protected":false},"excerpt":{"rendered":"<p>Turske vlasti nalo\u017eile su pritvaranje nekoliko \u010dlanova opozicionih partija u Istanbulu i izvr\u0161ile racije u op\u0161tinama kojima upravlja opozicija, javili su dr\u017eavni mediji 31. maja, prenosi Radio Slobodna Evropa RSE.<\/p>","protected":false},"author":18,"featured_media":934383,"comment_status":"open","ping_status":"open","sticky":false,"template":"","format":"standard","meta":{"_acf_changed":false,"footnotes":"","jetpack_publicize_message":"","jetpack_publicize_feature_enabled":true,"jetpack_social_post_already_shared":false,"jetpack_social_options":{"image_generator_settings":{"template":"highway","default_image_id":0,"font":"","enabled":false},"version":2}},"categories":[14],"tags":[4311,3694,1352],"naslovna":[],"class_list":["post-934382","post","type-post","status-publish","format-standard","has-post-thumbnail","hentry","category-svijet","tag-erdogan","tag-hapsenja-2","tag-turska"],"acf":[],"jetpack_publicize_connections":[],"_links":{"self":[{"href":"https:\/\/gradski.me\/en\/wp-json\/wp\/v2\/posts\/934382","targetHints":{"allow":["GET"]}}],"collection":[{"href":"https:\/\/gradski.me\/en\/wp-json\/wp\/v2\/posts"}],"about":[{"href":"https:\/\/gradski.me\/en\/wp-json\/wp\/v2\/types\/post"}],"author":[{"embeddable":true,"href":"https:\/\/gradski.me\/en\/wp-json\/wp\/v2\/users\/18"}],"replies":[{"embeddable":true,"href":"https:\/\/gradski.me\/en\/wp-json\/wp\/v2\/comments?post=934382"}],"version-history":[{"count":0,"href":"https:\/\/gradski.me\/en\/wp-json\/wp\/v2\/posts\/934382\/revisions"}],"wp:featuredmedia":[{"embeddable":true,"href":"https:\/\/gradski.me\/en\/wp-json\/wp\/v2\/media\/934383"}],"wp:attachment":[{"href":"https:\/\/gradski.me\/en\/wp-json\/wp\/v2\/media?parent=934382"}],"wp:term":[{"taxonomy":"category","embeddable":true,"href":"https:\/\/gradski.me\/en\/wp-json\/wp\/v2\/categories?post=934382"},{"taxonomy":"post_tag","embeddable":true,"href":"https:\/\/gradski.me\/en\/wp-json\/wp\/v2\/tags?post=934382"},{"taxonomy":"naslovna","embeddable":true,"href":"https:\/\/gradski.me\/en\/wp-json\/wp\/v2\/naslovna?post=934382"}],"curies":[{"name":"wp","href":"https:\/\/api.w.org\/{rel}","templated":true}]}}