{"id":934290,"date":"2025-05-30T17:52:00","date_gmt":"2025-05-30T15:52:00","guid":{"rendered":"https:\/\/gradski.me\/uncategorized\/vujovic-veliki-jubilej-7-i-po-decenija-rada-gradsko-pozoriste-proslavice-u-novoj-sopstvenoj-zgradi\/"},"modified":"2026-03-11T12:44:05","modified_gmt":"2026-03-11T11:44:05","slug":"vujovic-veliki-jubilej-7-i-po-decenija-rada-gradsko-pozoriste-proslavice-u-novoj-sopstvenoj-zgradi","status":"publish","type":"post","link":"https:\/\/gradski.me\/en\/podgorica\/vujovic-veliki-jubilej-7-i-po-decenija-rada-gradsko-pozoriste-proslavice-u-novoj-sopstvenoj-zgradi\/","title":{"rendered":"Vujovi\u0107: Veliki jubilej \u2013 7 i po decenija rada Gradsko pozori\u0161te proslavi\u0107e u novoj, sopstvenoj zgradi"},"content":{"rendered":"<p><\/p>\n\n\n\n<p>Veliki jubilej \u2013 7 ipo decenija rada Gradsko pozori\u0161te, ove godine, proslavi\u0107e u novoj, sopstvenoj zgradi, vjeruje direktorica Sandra Vujovi\u0107. Podsje\u0107a da je pozori\u0161te do sada predstave realizovalo u KIC-u \u201cBudo Tomovi\u0107\u201d, sa kojim, nagla\u0161ava, imaju sjajnu saradnju.<\/p>\n\n\n\n<p>&#8220;Onog trenutka kad se mi prestalimo u novu zgradu, bi\u0107e lak\u0161e i nama i njima i mo\u0107i \u0107emo da razvijamo i neke nove programe i neke nove ideje.\u00a0Kao \u0161to znate, Gradsko pozori\u0161te ima ve\u010dernju scenu i \u010dak dvije scene namijenjene najmla\u0111ima. Jedna je lutkarska scena, a druga je dje\u010dija dramska scena&#8220;, navela je Vujovi\u0107.<\/p>\n\n\n\n<p>Vujovi\u0107 najavljuje pokretanje i \u010detvrte scene sa radnim nazovom indeks &#8211; namijenjene mladim autorima na po\u010detku karijere i studentima.\u00a0<\/p>\n\n\n\n<p>&#8220;Kao \u0161to vidite, od momenta kad se predstavljamo u novu zgradu, ima\u0107emo \u010detiri programske cjeline namijenjene razli\u010ditim ciljnim grupama,\u00a0\u0161to \u0107e u velikoj mjeri doprinijeti i ve\u0107em kvalitetu i raznovrsnijoj ponudi i naravno ve\u0107em broju naslova na samom repertoaru&#8220;, istakla je Vujovi\u0107.<\/p>\n\n\n\n<p>Krajem godine odr\u017ea\u0107e se festival re\u017eije \u201dJago\u0161 Markovi\u0107\u201d, koji \u0107e\u00a0 ove biti revijalnog, ali od 2026-te takmi\u010darskog karaktera i time pretenduje da postane jedan od najzna\u010dajnijih u regionu, zaklju\u010dila je Vujovi\u0107.<\/p>\n\n\n\n<p><\/p>","protected":false},"excerpt":{"rendered":"<p>U Gradskom pozori\u0161tu o\u010dekuju da tokom godine, kona\u010dno, usele u novu zgradu. Direktorica pozori\u0161ta Sandra Vujovi\u0107, u Jutarnjem programu Gradske televizije, najavila je nove projekte.<\/p>","protected":false},"author":1,"featured_media":934291,"comment_status":"open","ping_status":"open","sticky":false,"template":"","format":"standard","meta":{"_acf_changed":false,"footnotes":"","jetpack_publicize_message":"","jetpack_publicize_feature_enabled":true,"jetpack_social_post_already_shared":false,"jetpack_social_options":{"image_generator_settings":{"template":"highway","default_image_id":0,"font":"","enabled":false},"version":2}},"categories":[11,6],"tags":[4915,4038,10874],"naslovna":[],"class_list":["post-934290","post","type-post","status-publish","format-standard","has-post-thumbnail","hentry","category-kultura","category-podgorica","tag-gradsko-pozoriste","tag-jubilej","tag-sandra-vujovic"],"acf":[],"jetpack_publicize_connections":[],"_links":{"self":[{"href":"https:\/\/gradski.me\/en\/wp-json\/wp\/v2\/posts\/934290","targetHints":{"allow":["GET"]}}],"collection":[{"href":"https:\/\/gradski.me\/en\/wp-json\/wp\/v2\/posts"}],"about":[{"href":"https:\/\/gradski.me\/en\/wp-json\/wp\/v2\/types\/post"}],"author":[{"embeddable":true,"href":"https:\/\/gradski.me\/en\/wp-json\/wp\/v2\/users\/1"}],"replies":[{"embeddable":true,"href":"https:\/\/gradski.me\/en\/wp-json\/wp\/v2\/comments?post=934290"}],"version-history":[{"count":1,"href":"https:\/\/gradski.me\/en\/wp-json\/wp\/v2\/posts\/934290\/revisions"}],"predecessor-version":[{"id":936271,"href":"https:\/\/gradski.me\/en\/wp-json\/wp\/v2\/posts\/934290\/revisions\/936271"}],"wp:featuredmedia":[{"embeddable":true,"href":"https:\/\/gradski.me\/en\/wp-json\/wp\/v2\/media\/934291"}],"wp:attachment":[{"href":"https:\/\/gradski.me\/en\/wp-json\/wp\/v2\/media?parent=934290"}],"wp:term":[{"taxonomy":"category","embeddable":true,"href":"https:\/\/gradski.me\/en\/wp-json\/wp\/v2\/categories?post=934290"},{"taxonomy":"post_tag","embeddable":true,"href":"https:\/\/gradski.me\/en\/wp-json\/wp\/v2\/tags?post=934290"},{"taxonomy":"naslovna","embeddable":true,"href":"https:\/\/gradski.me\/en\/wp-json\/wp\/v2\/naslovna?post=934290"}],"curies":[{"name":"wp","href":"https:\/\/api.w.org\/{rel}","templated":true}]}}