{"id":934225,"date":"2025-05-30T12:36:00","date_gmt":"2025-05-30T10:36:00","guid":{"rendered":"https:\/\/gradski.me\/uncategorized\/stanic-ko-od-poslanika-glasa-za-mandica-bice-s-njim-na-izbornoj-listi\/"},"modified":"2025-05-30T12:36:00","modified_gmt":"2025-05-30T10:36:00","slug":"stanic-ko-od-poslanika-glasa-za-mandica-bice-s-njim-na-izbornoj-listi","status":"publish","type":"post","link":"https:\/\/gradski.me\/en\/svijet\/stanic-ko-od-poslanika-glasa-za-mandica-bice-s-njim-na-izbornoj-listi\/","title":{"rendered":"Stani\u0107: Ko od poslanika glasa za Mandi\u0107a, bi\u0107e s njim na izbornoj listi"},"content":{"rendered":"<p><\/p>\n\n\n\n<p>\u201cBi\u0107e tako\u0111e i test za poslanike, jer su oni po Ustavu vlasnici sopstvenog mandata. Svako ko digne ruku za Andriju Mandi\u0107a di\u017ee ruku za uni\u017eavanje Crne Gore, za kvarenje odnosa sa susjedima, za zaustavljanje evropskog puta, za raspirivanje nacionalne, vjerske i svake druge mr\u017enje u na\u0161oj zemlji. Di\u017ee ruku i za katastrofalne ekonomske efekte, partijska zapo\u0161ljavanja, dogovorene poslove i mutne kombinacije\u201d, naglasio je Stani\u0107.<\/p>\n\n\n\n<p>Prema njegovim rije\u010dima, poslanici van kluba ZBCG koji dignu ruku za Mandi\u0107a \u2013 di\u0107i \u0107e ruku za vlastiti politi\u010dki nestanak.<\/p>\n\n\n\n<p>\u201cVi\u0161e nema naivnih u Crnoj Gori, neka skrivanja, \u0161arenih spotova i la\u017enog PR-a. Na naredne izbore mo\u017eete onda i u jednoj koloni, a broj te kolone \u0107e biti jasan svim gra\u0111anima Crne Gore\u201d, istakao je Stani\u0107.<\/p>\n\n\n\n<p>Zato, poru\u010duje Stani\u0107, pamet u glavu.<\/p>\n\n\n\n<p>&nbsp;\u201cGlasanje za Mandi\u0107a je glasanje protiv svega za \u0161to se ogromna ve\u0107ina od vas javno zala\u017ee. A va\u0161e rije\u010di moraju pratiti djela, jer gra\u0111ani vi\u0161e rije\u010dima ne vjeruju. Na sre\u0107u, brzo \u0107e 3. jun, pa vas mo\u017eda i zna\u010daj datuma podsjeti zbog \u010dega ste u Skup\u0161tini\u201d, poru\u010dio je Stani\u0107.<\/p>","protected":false},"excerpt":{"rendered":"<p>Glasanje o predsjedniku Skup\u0161tine poslije svega \u0161to smo od njega, njegove strukture, ali i okru\u017eenja kao gra\u0111ani i dr\u017eava do\u017eivjeli u proteklom periodu, \u0107e biti lakmus papir za sve politi\u010dke \u010dinioce u Crnoj Gori, ocijenio je predsjednik Glavnog odbora SDP i predstavnik Evropskog saveza Mirko Stani\u0107.<\/p>","protected":false},"author":1,"featured_media":934226,"comment_status":"open","ping_status":"open","sticky":false,"template":"","format":"standard","meta":{"_acf_changed":false,"footnotes":"","jetpack_publicize_message":"","jetpack_publicize_feature_enabled":true,"jetpack_social_post_already_shared":false,"jetpack_social_options":{"image_generator_settings":{"template":"highway","default_image_id":0,"font":"","enabled":false},"version":2}},"categories":[14],"tags":[503,4065,1226],"naslovna":[],"class_list":["post-934225","post","type-post","status-publish","format-standard","has-post-thumbnail","hentry","category-svijet","tag-andrija-mandic","tag-mirko-stanic","tag-sdp"],"acf":[],"jetpack_publicize_connections":[],"_links":{"self":[{"href":"https:\/\/gradski.me\/en\/wp-json\/wp\/v2\/posts\/934225","targetHints":{"allow":["GET"]}}],"collection":[{"href":"https:\/\/gradski.me\/en\/wp-json\/wp\/v2\/posts"}],"about":[{"href":"https:\/\/gradski.me\/en\/wp-json\/wp\/v2\/types\/post"}],"author":[{"embeddable":true,"href":"https:\/\/gradski.me\/en\/wp-json\/wp\/v2\/users\/1"}],"replies":[{"embeddable":true,"href":"https:\/\/gradski.me\/en\/wp-json\/wp\/v2\/comments?post=934225"}],"version-history":[{"count":0,"href":"https:\/\/gradski.me\/en\/wp-json\/wp\/v2\/posts\/934225\/revisions"}],"wp:featuredmedia":[{"embeddable":true,"href":"https:\/\/gradski.me\/en\/wp-json\/wp\/v2\/media\/934226"}],"wp:attachment":[{"href":"https:\/\/gradski.me\/en\/wp-json\/wp\/v2\/media?parent=934225"}],"wp:term":[{"taxonomy":"category","embeddable":true,"href":"https:\/\/gradski.me\/en\/wp-json\/wp\/v2\/categories?post=934225"},{"taxonomy":"post_tag","embeddable":true,"href":"https:\/\/gradski.me\/en\/wp-json\/wp\/v2\/tags?post=934225"},{"taxonomy":"naslovna","embeddable":true,"href":"https:\/\/gradski.me\/en\/wp-json\/wp\/v2\/naslovna?post=934225"}],"curies":[{"name":"wp","href":"https:\/\/api.w.org\/{rel}","templated":true}]}}