{"id":934075,"date":"2025-05-29T16:54:00","date_gmt":"2025-05-29T14:54:00","guid":{"rendered":"https:\/\/gradski.me\/uncategorized\/u-sarajevu-dva-nova-slucaja-leptospiroze-ukupno-zarazeno-28-ljudi\/"},"modified":"2025-05-29T16:54:00","modified_gmt":"2025-05-29T14:54:00","slug":"u-sarajevu-dva-nova-slucaja-leptospiroze-ukupno-zarazeno-28-ljudi","status":"publish","type":"post","link":"https:\/\/gradski.me\/en\/region\/u-sarajevu-dva-nova-slucaja-leptospiroze-ukupno-zarazeno-28-ljudi\/","title":{"rendered":"U Sarajevu dva nova slu\u010daja leptospiroze, ukupno zara\u017eeno 28 ljudi"},"content":{"rendered":"<p><\/p>\n\n\n\n<p>Od po\u010detka epidemije zabilje\u017eeno je ukupno 28 slu\u010dajeva leptospiroze u tom kantonu.<\/p>\n\n\n\n<p>U Univerzitetskom klini\u010dkom centru u Sarajevu tri pacijenta se nalaze na bolni\u010dkom lije\u010denju, objavljeno je na sajtu Zavoda.<\/p>\n\n\n\n<p>Epidemija leptospiroze u Kantonu Sarajevo progla\u0161ena je 23. maja 2025. godine.<\/p>","protected":false},"excerpt":{"rendered":"<p>Zavod za javno zdravstvo Kantona Sarajevo saop\u0161tio je da su danas prijavljena dva nova slu\u010dajeva leptospiroze.<\/p>","protected":false},"author":16,"featured_media":934076,"comment_status":"open","ping_status":"open","sticky":false,"template":"","format":"standard","meta":{"_acf_changed":false,"footnotes":"","jetpack_publicize_message":"","jetpack_publicize_feature_enabled":true,"jetpack_social_post_already_shared":false,"jetpack_social_options":{"image_generator_settings":{"template":"highway","default_image_id":0,"font":"","enabled":false},"version":2}},"categories":[13],"tags":[26771,765],"naslovna":[],"class_list":["post-934075","post","type-post","status-publish","format-standard","has-post-thumbnail","hentry","category-region","tag-leptospiroza","tag-sarajevo"],"acf":[],"jetpack_publicize_connections":[],"_links":{"self":[{"href":"https:\/\/gradski.me\/en\/wp-json\/wp\/v2\/posts\/934075","targetHints":{"allow":["GET"]}}],"collection":[{"href":"https:\/\/gradski.me\/en\/wp-json\/wp\/v2\/posts"}],"about":[{"href":"https:\/\/gradski.me\/en\/wp-json\/wp\/v2\/types\/post"}],"author":[{"embeddable":true,"href":"https:\/\/gradski.me\/en\/wp-json\/wp\/v2\/users\/16"}],"replies":[{"embeddable":true,"href":"https:\/\/gradski.me\/en\/wp-json\/wp\/v2\/comments?post=934075"}],"version-history":[{"count":0,"href":"https:\/\/gradski.me\/en\/wp-json\/wp\/v2\/posts\/934075\/revisions"}],"wp:featuredmedia":[{"embeddable":true,"href":"https:\/\/gradski.me\/en\/wp-json\/wp\/v2\/media\/934076"}],"wp:attachment":[{"href":"https:\/\/gradski.me\/en\/wp-json\/wp\/v2\/media?parent=934075"}],"wp:term":[{"taxonomy":"category","embeddable":true,"href":"https:\/\/gradski.me\/en\/wp-json\/wp\/v2\/categories?post=934075"},{"taxonomy":"post_tag","embeddable":true,"href":"https:\/\/gradski.me\/en\/wp-json\/wp\/v2\/tags?post=934075"},{"taxonomy":"naslovna","embeddable":true,"href":"https:\/\/gradski.me\/en\/wp-json\/wp\/v2\/naslovna?post=934075"}],"curies":[{"name":"wp","href":"https:\/\/api.w.org\/{rel}","templated":true}]}}