{"id":933727,"date":"2025-05-28T06:23:29","date_gmt":"2025-05-28T04:23:29","guid":{"rendered":"https:\/\/gradski.me\/uncategorized\/spajic-japan-ukida-vize-za-gradjane-crne-gore-od-jeseni\/"},"modified":"2025-05-28T06:23:29","modified_gmt":"2025-05-28T04:23:29","slug":"spajic-japan-ukida-vize-za-gradjane-crne-gore-od-jeseni","status":"publish","type":"post","link":"https:\/\/gradski.me\/en\/politika\/spajic-japan-ukida-vize-za-gradjane-crne-gore-od-jeseni\/","title":{"rendered":"Spaji\u0107: Japan ukida vize za gra\u0111ane Crne Gore od jeseni"},"content":{"rendered":"<p>Predsjednik Vlade Crne Gore Milojko Spaji\u0107 boravi u radnoj posjeti Japanu gdje je danas uz najvi\u0161e dr\u017eavne po\u010dasti do\u010dekan u Tokiju i sastao se sa predsjednikom Vlade Japana sa kojim je razgovarao o saradnji dvije zemlje.<\/p>\n\n\n\n<p>Posjetom premijera Spaji\u0107a Japanu, saglasni su sagovornici, zapo\u010dinje nova faza bilateralnih odnosa koja \u0107e trasirati dalje pravce crnogorsko-japanskog prijateljstva.<\/p>\n\n\n\n<p>\u201eOvo je prvi put u na\u0161oj istoriji da se razgovor sa nekim zvani\u010dnikom vodi na japanskom jeziku. Pro\u010ditao sam i Va\u0161 diplomski rad i fasciniran sam Va\u0161om percepcijom iako ste ovo pisali prije vi\u0161e od deceniju. Budite uvjereni da u Japanu Crna Gora sada ima velikog prijatelja i podr\u017eavaoca Va\u0161e vizije razvoja i napretka crnogorskog dru\u0161tva\u201d, kazao je premijer I\u0161iba.<\/p>\n\n\n\n<p><img decoding=\"async\" width=\"100%\" alt=\"\" src=\"https:\/\/rtcg.me\/upload\/\/media\/2025\/4\/28\/9\/36\/52\/2147830\/resize\/2147833\/54549897842_f2d65614dd_c_598x900\" title=\"\"><em>&nbsp;(Foto: Vlada Crne Gore )<\/em><\/p>\n\n\n\n<p>Na sastanku je bilo rije\u010di o ja\u010danju ekonomske saradnje, a predsjednik Vlade Crne Gore Milojko Spaji\u0107 upoznao je premijera I\u0161ibu sa potencijalima u oblastima energetike, zelene energije, infrastrukture, turizma, ekologije i visokih tehnologija.<\/p>\n\n\n\n<p>\u201eNaporno smo radili u prethodnih godinu i po dana da bismo bili spremni da pokrenemo velike infrastrukturne projekte. Narednih nekoliko godina bi\u0107e klju\u010dne za dalji razvoj Crne Gore i siguran sam da \u0107e ih obilje\u017eiti sna\u017ean infrastrukturni i reformski zamajac koji \u0107e oja\u010dati na\u0161u ekonomiju i unaprijediti standard na\u0161ih gra\u0111ana\u201d, poru\u010dio je Spaji\u0107.<\/p>\n\n\n\n<p>Na toj liniji, kako je ocijenjeno, postoji ogroman potencijal za saradnju sa Japanom \u0161to potvr\u0111uje i veliko interesovanje za Crnu Goru tokom Svjetske izlo\u017ebe EXPO 2025 u Osaki. Odluka o ukidanju viza koja \u0107e stupiti na snagu od jeseni bi\u0107e zna\u010dajan korak u tom pravcu, saglasni su sagovornici.<\/p>\n\n\n\n<p><img decoding=\"async\" width=\"100%\" alt=\"\" src=\"https:\/\/rtcg.me\/upload\/\/media\/2025\/4\/28\/9\/21\/225\/2147842\/resize\/2147845\/54550775591_42082d9af1_c_598x900\" title=\"\"><em>&nbsp;(Foto: Vlada Crne Gore )<\/em><\/p>\n\n\n\n<p>Jedna od tema susreta bilo je otvaranje ambasade Crne Gore u Tokiju. Na toj liniji dogovoreno je dinamiziranje aktivnosti kako bi se ve\u0107 do kraja godine mogli o\u010dekivati i konkretni koraci u tom pravcu.<\/p>\n\n\n\n<p>Zajedni\u010dki je ocijenjeno da je u narednom periodu potrebno raditi na ja\u010danju saradnje u oblasti prosvjete, nauke i inovacija kao i u domenu smanjenja rizika od katastrofa.<\/p>\n\n\n\n<p>Tokom susreta bilo je rije\u010di i o bezbjednosnim pitanjima, a posebno zna\u010dajnom ocijenjena je oja\u010dana saradnja Japana i NATO-a. U tom kontekstu nagla\u0161ena je sna\u017ena podr\u0161ka obje zemlje Ukrajini i iskazano o\u010dekivanje da \u0107e uz intervenciju ameri\u010dkih i evropskih saveznika do\u0107i do privremenog prekida vatre i uspostavljanja mira.<\/p>\n\n\n\n<p>Premijer I\u0161iba je u \u010dast posjete predsjednika Vlade Milojka Spaji\u0107a uprili\u010dio radni ru\u010dak kome su, izme\u0111u ostalih, prisustvovali i ministarka prosvjete, nauke i inovacija An\u0111ela Jak\u0161i\u0107 Stojanovi\u0107, ministar finansija Novica Vukovi\u0107 i direktorica Agencije za investicije Sne\u017eana \u00d0urovi\u0107.<\/p>","protected":false},"excerpt":{"rendered":"<p>Tokom zvani\u010dne posjete Japanu, premijer Crne Gore Milojko Spaji\u0107 sastao se sa japanskim premijerom I\u0161ibom, gdje je dogovoreno da se od jeseni 2025. ukinu vize za crnogorske dr\u017eavljane.<\/p>","protected":false},"author":1,"featured_media":933728,"comment_status":"open","ping_status":"open","sticky":false,"template":"","format":"standard","meta":{"_acf_changed":false,"footnotes":"","jetpack_publicize_message":"","jetpack_publicize_feature_enabled":true,"jetpack_social_post_already_shared":false,"jetpack_social_options":{"image_generator_settings":{"template":"highway","default_image_id":0,"font":"","enabled":false},"version":2}},"categories":[7],"tags":[17,794,10941],"naslovna":[],"class_list":["post-933727","post","type-post","status-publish","format-standard","has-post-thumbnail","hentry","category-politika","tag-japan","tag-milojko-spajic","tag-vize"],"acf":[],"jetpack_publicize_connections":[],"_links":{"self":[{"href":"https:\/\/gradski.me\/en\/wp-json\/wp\/v2\/posts\/933727","targetHints":{"allow":["GET"]}}],"collection":[{"href":"https:\/\/gradski.me\/en\/wp-json\/wp\/v2\/posts"}],"about":[{"href":"https:\/\/gradski.me\/en\/wp-json\/wp\/v2\/types\/post"}],"author":[{"embeddable":true,"href":"https:\/\/gradski.me\/en\/wp-json\/wp\/v2\/users\/1"}],"replies":[{"embeddable":true,"href":"https:\/\/gradski.me\/en\/wp-json\/wp\/v2\/comments?post=933727"}],"version-history":[{"count":0,"href":"https:\/\/gradski.me\/en\/wp-json\/wp\/v2\/posts\/933727\/revisions"}],"wp:featuredmedia":[{"embeddable":true,"href":"https:\/\/gradski.me\/en\/wp-json\/wp\/v2\/media\/933728"}],"wp:attachment":[{"href":"https:\/\/gradski.me\/en\/wp-json\/wp\/v2\/media?parent=933727"}],"wp:term":[{"taxonomy":"category","embeddable":true,"href":"https:\/\/gradski.me\/en\/wp-json\/wp\/v2\/categories?post=933727"},{"taxonomy":"post_tag","embeddable":true,"href":"https:\/\/gradski.me\/en\/wp-json\/wp\/v2\/tags?post=933727"},{"taxonomy":"naslovna","embeddable":true,"href":"https:\/\/gradski.me\/en\/wp-json\/wp\/v2\/naslovna?post=933727"}],"curies":[{"name":"wp","href":"https:\/\/api.w.org\/{rel}","templated":true}]}}