{"id":933514,"date":"2025-05-26T21:20:59","date_gmt":"2025-05-26T19:20:59","guid":{"rendered":"https:\/\/gradski.me\/uncategorized\/na-derbiju-aba-lige-u-svecanoj-lozi-bokan-i-porodica-djukanovic\/"},"modified":"2025-05-26T21:20:59","modified_gmt":"2025-05-26T19:20:59","slug":"na-derbiju-aba-lige-u-svecanoj-lozi-bokan-i-porodica-djukanovic","status":"publish","type":"post","link":"https:\/\/gradski.me\/en\/sport\/na-derbiju-aba-lige-u-svecanoj-lozi-bokan-i-porodica-djukanovic\/","title":{"rendered":"Na derbiju ABA lige u sve\u010danoj lo\u017ei Bokan i porodica \u0110ukanovi\u0107"},"content":{"rendered":"<p><\/p>\n\n\n\n<p>U lo\u017ei je i sin Mila \u0110ukanovi\u0107a, Bla\u017eo. Iz lo\u017ee me\u010d prate i poslanik DPS-a Ivan Vukovi\u0107, predsjednik SO Budva i funkcioner SDP-a Petar Od\u017ei\u0107, biznismen Hilmija Franca.<\/p>\n\n\n\n<p>Utakmicu prati i gradona\u010delnik Podgorice, Sa\u0161a Mujovi\u0107, koji kao i u ranijim susretima Budu\u0107nosti, me\u010d prati na drugoj strani, u blizini parketa.<\/p>","protected":false},"excerpt":{"rendered":"<p>Ko\u0161arka\u0161i Budu\u0107nosti Voli i Crvene zvezde od 21 sat igraju prvu utakmicu polufinalne serije ABA lige. Me\u010d izme\u0111u ova tima iz lo\u017ee zajedno prate predsjednik KK Budu\u0107nost Voli, Dragan Bokan i biv\u0161i predsjednik i premijer Crne Gore Milo \u0110ukanovi\u0107 sa suprugom Lidijom.<\/p>","protected":false},"author":1,"featured_media":933515,"comment_status":"open","ping_status":"open","sticky":false,"template":"","format":"standard","meta":{"_acf_changed":false,"footnotes":"","jetpack_publicize_message":"","jetpack_publicize_feature_enabled":true,"jetpack_social_post_already_shared":false,"jetpack_social_options":{"image_generator_settings":{"template":"highway","default_image_id":0,"font":"","enabled":false},"version":2}},"categories":[15],"tags":[1623,12679,2286,1624,3277,315],"naslovna":[],"class_list":["post-933514","post","type-post","status-publish","format-standard","has-post-thumbnail","hentry","category-sport","tag-aba-liga","tag-blazo-djukanovic","tag-dragan-bokan","tag-kk-buducnost","tag-kk-crvena-zvezda","tag-milo-djukanovic"],"acf":[],"jetpack_publicize_connections":[],"_links":{"self":[{"href":"https:\/\/gradski.me\/en\/wp-json\/wp\/v2\/posts\/933514","targetHints":{"allow":["GET"]}}],"collection":[{"href":"https:\/\/gradski.me\/en\/wp-json\/wp\/v2\/posts"}],"about":[{"href":"https:\/\/gradski.me\/en\/wp-json\/wp\/v2\/types\/post"}],"author":[{"embeddable":true,"href":"https:\/\/gradski.me\/en\/wp-json\/wp\/v2\/users\/1"}],"replies":[{"embeddable":true,"href":"https:\/\/gradski.me\/en\/wp-json\/wp\/v2\/comments?post=933514"}],"version-history":[{"count":0,"href":"https:\/\/gradski.me\/en\/wp-json\/wp\/v2\/posts\/933514\/revisions"}],"wp:featuredmedia":[{"embeddable":true,"href":"https:\/\/gradski.me\/en\/wp-json\/wp\/v2\/media\/933515"}],"wp:attachment":[{"href":"https:\/\/gradski.me\/en\/wp-json\/wp\/v2\/media?parent=933514"}],"wp:term":[{"taxonomy":"category","embeddable":true,"href":"https:\/\/gradski.me\/en\/wp-json\/wp\/v2\/categories?post=933514"},{"taxonomy":"post_tag","embeddable":true,"href":"https:\/\/gradski.me\/en\/wp-json\/wp\/v2\/tags?post=933514"},{"taxonomy":"naslovna","embeddable":true,"href":"https:\/\/gradski.me\/en\/wp-json\/wp\/v2\/naslovna?post=933514"}],"curies":[{"name":"wp","href":"https:\/\/api.w.org\/{rel}","templated":true}]}}