{"id":933366,"date":"2025-05-26T07:10:00","date_gmt":"2025-05-26T05:10:00","guid":{"rendered":"https:\/\/gradski.me\/uncategorized\/na-gp-bozaj-uhapsen-albanski-drzavljanin\/"},"modified":"2025-05-26T07:10:00","modified_gmt":"2025-05-26T05:10:00","slug":"na-gp-bozaj-uhapsen-albanski-drzavljanin","status":"publish","type":"post","link":"https:\/\/gradski.me\/en\/hronika\/na-gp-bozaj-uhapsen-albanski-drzavljanin\/","title":{"rendered":"Na GP Bo\u017eaj uhap\u0161en albanski dr\u017eavljanin"},"content":{"rendered":"<p><\/p>\n\n\n\n<p>&#8220;Na grani\u010dnom prelazu Bo\u017eaj, pripadnici grani\u010dne policije izvr\u0161ili su grani\u010dne provjere lica <strong>G.T.(31) albanskog dr\u017eavljanina, <\/strong>koji je upravljao vozilom <strong>marke BMW X5<\/strong>&#8220;, navode iz UP.<\/p>\n\n\n\n<p>U saradnji sa slu\u017ebenicima Fronteksa izvr\u0161ena je detaljna kontrola vozila na drugoj liniji provjera prilikom koje su uo\u010dene nepravilnosti koje ukazuju na osnovanu sumnju u manipulisanje broja \u0161asije, isti\u010du iz Uprave policije.<\/p>\n\n\n\n<p>&#8220;Predmetno vozilo je privremeno oduzeto radi sprovo\u0111enja daljih provjera&#8220;, navode iz Uprave policije.<\/p>\n\n\n\n<p>Sa doga\u0111ajem je upoznat de\u017eurni tu\u017eilac u Osnovnom dr\u017eavnom tu\u017eila\u0161tvu u Podgorici, po \u010dijem je nalogu nakon prikupljenih obavje\u0161tenja <strong>G.T. li\u0161en slobode<\/strong> zbog sumnje da je izvr\u0161io krivi\u010dno djelo <strong>falsifikovanje isprave<\/strong>, isti\u010du iz Uprave policije.<\/p>\n\n\n\n<p>&#8220;Slu\u017ebenici Sektora grani\u010dne policije u kontinuitetu realizuju poja\u010dane aktivnosti na suzbijanju svih oblika prekograni\u010dnog kriminala sa ciljem o\u010duvanja sigurnosti i za\u0161tite interesa gra\u0111ana Crne Gore&#8220;, zaklju\u010duju iz Uprave policije.<\/p>\n\n\n\n<p><\/p>","protected":false},"excerpt":{"rendered":"<p>Realizacijom planskih aktivnosti na podizanju nivoa grani\u010dne bezbjednosti slu\u017ebenici Sektora grani\u010dne policije su od albanskog dr\u017eavljanina, na grani\u010dnom prelazu oduzeli vozilo zbog sumnje u manipulisan broj \u0161asije, te istog li\u0161ili slobode, saop\u0161teno je iz Uprave policije.<\/p>","protected":false},"author":1,"featured_media":933367,"comment_status":"open","ping_status":"open","sticky":false,"template":"","format":"standard","meta":{"_acf_changed":false,"footnotes":"","jetpack_publicize_message":"","jetpack_publicize_feature_enabled":true,"jetpack_social_post_already_shared":false,"jetpack_social_options":{"image_generator_settings":{"template":"highway","default_image_id":0,"font":"","enabled":false},"version":2}},"categories":[10],"tags":[3805,3806,693],"naslovna":[],"class_list":["post-933366","post","type-post","status-publish","format-standard","has-post-thumbnail","hentry","category-hronika","tag-albanski-drzavljanin","tag-gp-bozaj","tag-hapsenje"],"acf":[],"jetpack_publicize_connections":[],"_links":{"self":[{"href":"https:\/\/gradski.me\/en\/wp-json\/wp\/v2\/posts\/933366","targetHints":{"allow":["GET"]}}],"collection":[{"href":"https:\/\/gradski.me\/en\/wp-json\/wp\/v2\/posts"}],"about":[{"href":"https:\/\/gradski.me\/en\/wp-json\/wp\/v2\/types\/post"}],"author":[{"embeddable":true,"href":"https:\/\/gradski.me\/en\/wp-json\/wp\/v2\/users\/1"}],"replies":[{"embeddable":true,"href":"https:\/\/gradski.me\/en\/wp-json\/wp\/v2\/comments?post=933366"}],"version-history":[{"count":0,"href":"https:\/\/gradski.me\/en\/wp-json\/wp\/v2\/posts\/933366\/revisions"}],"wp:featuredmedia":[{"embeddable":true,"href":"https:\/\/gradski.me\/en\/wp-json\/wp\/v2\/media\/933367"}],"wp:attachment":[{"href":"https:\/\/gradski.me\/en\/wp-json\/wp\/v2\/media?parent=933366"}],"wp:term":[{"taxonomy":"category","embeddable":true,"href":"https:\/\/gradski.me\/en\/wp-json\/wp\/v2\/categories?post=933366"},{"taxonomy":"post_tag","embeddable":true,"href":"https:\/\/gradski.me\/en\/wp-json\/wp\/v2\/tags?post=933366"},{"taxonomy":"naslovna","embeddable":true,"href":"https:\/\/gradski.me\/en\/wp-json\/wp\/v2\/naslovna?post=933366"}],"curies":[{"name":"wp","href":"https:\/\/api.w.org\/{rel}","templated":true}]}}