{"id":933280,"date":"2025-05-25T17:38:00","date_gmt":"2025-05-25T15:38:00","guid":{"rendered":"https:\/\/gradski.me\/uncategorized\/zejnelagic-postoji-realan-rizik-za-pojavu-epidemije-morbila\/"},"modified":"2025-05-25T17:38:00","modified_gmt":"2025-05-25T15:38:00","slug":"zejnelagic-postoji-realan-rizik-za-pojavu-epidemije-morbila","status":"publish","type":"post","link":"https:\/\/gradski.me\/en\/drustvo\/zejnelagic-postoji-realan-rizik-za-pojavu-epidemije-morbila\/","title":{"rendered":"Zejnelagi\u0107: Postoji realan rizik za pojavu epidemije morbila"},"content":{"rendered":"<p><\/p>\n\n\n\n<p>Institut za javno zdravlje godinama ukazuje na zabrinjavaju\u0107i pad obuhvata imunizacijom, posebno kada je rije\u010d o MMR vakcini, nagla\u0161ava, &nbsp;epidemiolog Red\u017eeb Zejnelagi\u0107.<\/p>\n\n\n\n<p>&#8222;Konkretno za djecu ro\u0111enu 2023. godine obuhvat je 23 odsto, \u0161to je daleko od tra\u017eenih zadovoljavaju\u0107ih 95 odsto obuhvata kada sti\u010demo kolektivni imunitet. Situacija i za druge uzraste je isto lo\u0161a, obuhvati su niski i daleko od ovih 95 odsto&#8220;, kazao je.<\/p>\n\n\n\n<p>Upozorava da nizak procenat vakcinisanih predstavlja zna\u010dajan rizik po javno zdravlje.&nbsp;<\/p>\n\n\n\n<p>&#8222;S obzirom na to da imamo nekih 75 odsto osjetljive populacije, postoji realan rizik za pojavu epidemije morbila. Prevashodno se odnosi na djecu koja nisu vakcinisana i sa tog aspekta imamo individualni rizik, ali i na kolektivnom nivou s obzirom na to da nemamo kolektivni imunitet.&#8220;<\/p>\n\n\n\n<p>Roditelji naj\u010de\u0161\u0107e izbjegavaju ili odga\u0111aju vakcinaciju zbog straha ili dezinformacija koje se \u0161ire putem dru\u0161tvenih mre\u017ea, navodi Zejnelagi\u0107. Jedna od takvih je, isti\u010de, da MMR vakcina izaziva autizam.<\/p>\n\n\n\n<p>&#8222;Svi nau\u010dni dokazi ukazuju da nema veze izme\u0111u aplikacije MMR vakcine i autizma. U prilog tome kaza\u0107u samo jedan podatak, a to je da zadnjih godina bilje\u017eimo porast broja djece koja boluju od poreme\u0107aja iz spektra autizma, dok na drugoj strani imamo pad obuhvata MMR vakcinom.\u201c<\/p>\n\n\n\n<p>Dodaje da je ono za \u0161ta se dovodi korelacija jeste ta da se MMR vakcina prima sa navr\u0161enih 12 mjeseci \u017eivota.<\/p>\n\n\n\n<p>&#8222;U tom periodu su najbolje dijagnosti\u010dke metode za dijagnostiku autizma, tako da se samo javlja vremenska korelacija, nikako ne postoji klauzalna korelacija izme\u0111u davanja MMR vakcine i autizma&#8220;, isti\u010de.<\/p>\n\n\n\n<p>Zejnelagi\u0107 apeluje na roditelje da se informi\u0161u kod pedijatara i epidemiologa kako bi dobili relevantne informacije i \u0161to prije vakcini\u0161u svoju djecu.<\/p>\n\n\n\n<figure class=\"wp-block-embed is-type-video is-provider-youtube wp-block-embed-youtube wp-embed-aspect-16-9 wp-has-aspect-ratio\"><div class=\"wp-block-embed__wrapper\">\n<iframe title=\"Zejnelagi\u0107: Postoji realan rizik za pojavu epidemije morbila\" width=\"800\" height=\"450\" src=\"https:\/\/www.youtube.com\/embed\/LEK3LT4-Jb4?feature=oembed\" frameborder=\"0\" allow=\"accelerometer; autoplay; clipboard-write; encrypted-media; gyroscope; picture-in-picture; web-share\" referrerpolicy=\"strict-origin-when-cross-origin\" allowfullscreen><\/iframe>\n<\/div><\/figure>","protected":false},"excerpt":{"rendered":"<p>Obuhvat MMR vakcinacijom, koja \u0161titi od morbila, zau\u0161ki i rubeole \u2013 u stalnom je padu, upozoravaju iz Instituta za javno zdravlje. Najnoviji podaci ukazuju na alarmantno nizak nivo imunizacije kod djece, \u0161to predstavlja ozbiljan rizik za pojavu epidemije, upozoravaju stru\u010dnjaci za Gradsku RTV. Na roditelje apeluju da se informi\u0161u i djecu vakcini\u0161u na vrijeme.<\/p>","protected":false},"author":16,"featured_media":933281,"comment_status":"open","ping_status":"open","sticky":false,"template":"","format":"standard","meta":{"_acf_changed":false,"footnotes":"","jetpack_publicize_message":"","jetpack_publicize_feature_enabled":true,"jetpack_social_post_already_shared":false,"jetpack_social_options":{"image_generator_settings":{"template":"highway","default_image_id":0,"font":"","enabled":false},"version":2}},"categories":[9],"tags":[26708,7667,25149,25],"naslovna":[],"class_list":["post-933280","post","type-post","status-publish","format-standard","has-post-thumbnail","hentry","category-drustvo","tag-epidemiologija","tag-ijzcg","tag-redzeb-zejnelagic","tag-zdravlje"],"acf":[],"jetpack_publicize_connections":[],"_links":{"self":[{"href":"https:\/\/gradski.me\/en\/wp-json\/wp\/v2\/posts\/933280","targetHints":{"allow":["GET"]}}],"collection":[{"href":"https:\/\/gradski.me\/en\/wp-json\/wp\/v2\/posts"}],"about":[{"href":"https:\/\/gradski.me\/en\/wp-json\/wp\/v2\/types\/post"}],"author":[{"embeddable":true,"href":"https:\/\/gradski.me\/en\/wp-json\/wp\/v2\/users\/16"}],"replies":[{"embeddable":true,"href":"https:\/\/gradski.me\/en\/wp-json\/wp\/v2\/comments?post=933280"}],"version-history":[{"count":0,"href":"https:\/\/gradski.me\/en\/wp-json\/wp\/v2\/posts\/933280\/revisions"}],"wp:featuredmedia":[{"embeddable":true,"href":"https:\/\/gradski.me\/en\/wp-json\/wp\/v2\/media\/933281"}],"wp:attachment":[{"href":"https:\/\/gradski.me\/en\/wp-json\/wp\/v2\/media?parent=933280"}],"wp:term":[{"taxonomy":"category","embeddable":true,"href":"https:\/\/gradski.me\/en\/wp-json\/wp\/v2\/categories?post=933280"},{"taxonomy":"post_tag","embeddable":true,"href":"https:\/\/gradski.me\/en\/wp-json\/wp\/v2\/tags?post=933280"},{"taxonomy":"naslovna","embeddable":true,"href":"https:\/\/gradski.me\/en\/wp-json\/wp\/v2\/naslovna?post=933280"}],"curies":[{"name":"wp","href":"https:\/\/api.w.org\/{rel}","templated":true}]}}