{"id":933181,"date":"2025-05-25T06:01:00","date_gmt":"2025-05-25T04:01:00","guid":{"rendered":"https:\/\/gradski.me\/uncategorized\/sve-vise-djece-re-populacije-u-vrticu-i-skolama\/"},"modified":"2025-05-25T06:01:00","modified_gmt":"2025-05-25T04:01:00","slug":"sve-vise-djece-re-populacije-u-vrticu-i-skolama","status":"publish","type":"post","link":"https:\/\/gradski.me\/en\/drustvo\/sve-vise-djece-re-populacije-u-vrticu-i-skolama\/","title":{"rendered":"Sve vi\u0161e djece RE populacije u vrti\u0107u i \u0161kolama"},"content":{"rendered":"<p><\/p>\n\n\n\n<p>Predstavnici ove nevladine organizacije posjetili su naselje Donji Talum i obi\u0161li porodice \u010dija djeca \u0107e upisati vrti\u0107.<br>Izvr\u0161ni direktor UZPRE <strong>Sultan Be\u0107a<\/strong> nagla\u0161ava da je kampanju finansijski podr\u017eala Opstina Berane\u00a0 i izrazio zahvalnost predsjedniku \u0110olu Lutovcu.<\/p>\n\n\n\n<p>\u201cOvo nije jedina kampanja ve\u0107 jedna u nizu kojih smo u prethodnom periodu sproveli. Veliku podr\u0161ku u ovom procesu, imamo i od JPU ,,Radmila Nedi\u0107,, sa kojom realizujemo razli\u010dite programe podr\u0161ke djeci koja poha\u0111aju vrti\u0107. U toku su i programi javnih radova koje zajedni\u010dki realizujemo sa vrti\u0107em na \u010delu sa direktoricom Sla\u0111anom Arsovi\u0107\u201d &#8211; Kazao je Be\u0107a za Portal RTCG.<\/p>\n\n\n\n<p>On je naglasio zna\u010dajnu podr\u0161ku i saradnju sa Ministarstvom prosvjete , nauka i inovacijac kao krovnom institucijom koja je i u Briselu zavrijedila pa\u017enju i dobila nagradu u pogledu napretka socijalne inkluzije Roma i Egip\u0107ana u Crnoj Gori.&nbsp;<\/p>\n\n\n\n<p>\u201cKako je stanje na terenu najva\u017eniji dio posla, to smo sigurni da \u0107emo imati veliki broj polaznika vrti\u0107a, koji imaju obezbije\u0111en prevoz od strane Osnove \u0161kole ,,Radomir Mitrovi\u0107\u201d u kojoj je najvi\u0161e osnovaca RE populacije u Beranama\u201d, rekao je Be\u0107a.<\/p>\n\n\n\n<p>Prema njegovim rije\u010dima integracija RE populacije u Beranama iz godine u godinu sve je bolja, o \u010demu govori i podatak da je u beranskom dje\u010djem vrti\u0107u prethodne \u0161kolske godine upisano i boravilo preko \u0161ezdesetoro djece pred\u0161kolskog uzrasta.<\/p>\n\n\n\n<p>\u201eOvo je jedinstven primjer u Crnoj Gori da djeca RE populacije borave u vrti\u0107u zajedno sa svom drugom djecom, i da su poptuno integrisana. Smatramo velikim uspjehom to \u0161to taj broj djece raste iz godine u godinu. Prve godine kada smo krenuli sa kampanjom da djecu upisujemo u vrti\u0107 bilo ih je 38, ve\u0107 sljede\u0107e godine 58, dok je ove \u0161kolske godine dje\u010diji vrti\u0107 u Beranama poha\u0111a vi\u0161e od 60 djece iz RE polulacije\u201c \u2013 kazao je Be\u0107a.<\/p>\n\n\n\n<p>On je rekao da osnovnu \u0161kolu poha\u0111a oko dvjesta djece, 160 u O\u0160 \u201eRadomir Mitrovi\u0107\u201c, i jo\u0161 40 u O\u0160 \u201eVuk Karad\u017ei\u0107\u201c i da tako\u0111e pokazuju visok stepen integracije u uklapanja u obrazovni sistem.<\/p>\n\n\n\n<p>\u201eDa je to tako, i da je na\u0161 vi\u0161egodi\u0161nji trud i rad dao rezulate, govori i to da ima sve vi\u0161e djece RE populacije koja u Beranama upisuju i zavr\u0161avaju neku od srednjih \u0161kola\u201c \u2013 rekao je Be\u0107a.<\/p>\n\n\n\n<p>NVO \u201eUdru\u017eenje za podr\u0161ku Roma i Egip\u0107ana\u201c je vrlo aktivna nevladina organizacija koja razvija ozbiljne projekte u oblasti integracije RE populacije, a rezultat toga je pozitivan trend djece integrisane u \u0161kolski sistem od vrti\u0107a do srednje \u0161kole.<\/p>\n\n\n\n<p>Ova asocijacija vodi ozbiljne projekte, tako da su, izme\u0111u ostalog, anketirali gra\u0111ane i do\u0161li do zanimljivih podataka, o \u010demu je na\u0161 portal ranije pisao.<\/p>\n\n\n\n<p>Od 200 anketiranih gra\u0111ana Berana, naime, njih 112 odgovorilo je da su oni ili neko njima blizak imali kao bliskog prijatelja pripadnika RE populacije, odnosno 56 odsto, dok je 88 u\u010desnika ankete me\u0111u lokalnim stanovni\u0161tvom, ili 44 odsto, odgovrilo negativno na ovo pitanje.<\/p>\n\n\n\n<p>\u201eKada su upitani da navedu jednu ili vi\u0161e karakteristika koja im se dopada kod romsko-egip\u0107anskog naroda, ispitanici ve\u0107inske populacije su istakli da im se kod pripadnika pomenute zajednice najvi\u0161e dopadaju: humor i smisao za \u0161alu (31), njihova dru\u017eeljubivost (23), to \u0161to imaju visoko razvijenu radnu etiku i ne libe se niti jednog posla kako bi sebi i svojoj porodici obezbijedili sredstva za egzistenciju (21), kao i prisustvo pozitivnog duha\/optimisti\u010dnog pogleda na svijet (20)\u201c \u2013 kazao je izvr\u0161ni direktor ovog RE udru\u017eenja, Sultan Be\u0107a.<\/p>\n\n\n\n<p>Petoro anketiranih anketiranih ispitanika konstatovalo je da im se jako dopada to \u0161to su Romi\/ Egip\u0107ani&nbsp;&nbsp;sa kojima su se oni li\u010dno susretali, nasuprot nekim uvrije\u017eenim stereotipima, ispoljavali veoma kulturno i civilizovano pona\u0161anje u me\u0111uljudskim interakcijama. \u010cetvoro ispitanika je istaklo da im se dopada to \u0161to su Romi\/Egip\u0107ani narod koji je izrazito skroman, te koji zna da cijeni male, svakodnevne stvari u \u017eivotu.<\/p>\n\n\n\n<p>\u201eOvaj projekat je, izuzev \u0161to kao jedan od kona\u010dnih ciljeva ima promovisanje i za\u0161titu ljudskih prava Roma i Egip\u0107ana u na\u0161oj op\u0161tini, predvi\u0111en i za to da poslu\u017ei kao koristan izvor informacija pri kreiranju Lokalnog Akcionog plana za socijalnu inkluziju RE u op\u0161tini Berane, s obzirom da je prethodni Lokalni Akcioni plan za period 2019-2023. godine istekao, te su samim tim potrebne nove mjere i strategije\u201d, objasnio je Be\u0107a.<\/p>\n\n\n\n<p>On je podsjetio da su u okviru ove ankete ranije sao\u0161tili podatke da u op\u0161tini Berane 50 odsto RE doma\u0107instava opstaje tako \u0161to prima socijalnu pomo\u0107, svega 14 odsto njih ima neku vrstu radnog anga\u017emana, dok \u010dak 30 odsto doma\u0107instava ove populacije na mjese\u010dnom nivou prihoduje iznose koji ne prelaze 100 eura.<\/p>\n\n\n\n<p>\u201cNajve\u0107i problemi RE populacije u Beranama su siroma\u0161tvo i stanovanje\u201d, naglasio je Be\u0107a.<\/p>\n\n\n\n<p>Ovaj mladi \u010dovjek je pro\u0161ao dug put od borbe za koru hljeba kada je kao dijete stigao sa roditeljima u Berane, do, moglo bi se re\u0107i, lokalnog lidera u borbi za bolji \u017eivot i integraciju ne samo novoprido\u0161lih pripadnika RE populacije, ve\u0107 i domicilnih Roma. Stalno je zaposlen u Domu zdravlja Berane kao fascilitator za RE populaciju.<\/p>\n\n\n\n<p>NVO Udru\u017eenje za podr\u0161ku Roma i Egip\u0107ana i Sultan Be\u0107a sa svojim saradnicima bore se za degetoizaciju RE populacije iz naselja Donji Talum, sa jedne, i Riversajd, sa druge strane Lima.<\/p>\n\n\n\n<p>Kampanja i upis djece RE populacije u drje\u010diji vrti\u0107 u Beranama zapo\u010deta je prije vi\u0161e godine, dok je direktorica te pred\u0161kols eustanove bila pokojna Marina Gojkovi\u0107, kojoj je predsjednik dr\u017eave Jakov Milatovi\u0107 nedavno za postignute rezultate na tom planu posthumno dodijelio orden.<\/p>","protected":false},"excerpt":{"rendered":"<p>Udru\u017eenje za podr\u0161ku Roma i Egip\u0107ana Berane zapo\u010delo je ve\u0107 sada kampanju za upis djece romsko &#8211; egip\u0107anske populacije u vrti\u0107u ,,Radmila Nedi\u0107\u201d u ovom sjevernom gradu, kao dio realizacije Lokalnog akcionog plana za Rome i Egip\u0107ane za Op\u0161tini Berane.<\/p>","protected":false},"author":1,"featured_media":933182,"comment_status":"open","ping_status":"open","sticky":false,"template":"","format":"standard","meta":{"_acf_changed":false,"footnotes":"","jetpack_publicize_message":"","jetpack_publicize_feature_enabled":true,"jetpack_social_post_already_shared":false,"jetpack_social_options":{"image_generator_settings":{"template":"highway","default_image_id":0,"font":"","enabled":false},"version":2}},"categories":[9],"tags":[22748,8302,17946,1119,6408],"naslovna":[],"class_list":["post-933181","post","type-post","status-publish","format-standard","has-post-thumbnail","hentry","category-drustvo","tag-egipcani","tag-nvo-udruzenje-za-podrsku-roma-i-egipcana","tag-re-populacija","tag-romi","tag-sultan-beca"],"acf":[],"jetpack_publicize_connections":[],"_links":{"self":[{"href":"https:\/\/gradski.me\/en\/wp-json\/wp\/v2\/posts\/933181","targetHints":{"allow":["GET"]}}],"collection":[{"href":"https:\/\/gradski.me\/en\/wp-json\/wp\/v2\/posts"}],"about":[{"href":"https:\/\/gradski.me\/en\/wp-json\/wp\/v2\/types\/post"}],"author":[{"embeddable":true,"href":"https:\/\/gradski.me\/en\/wp-json\/wp\/v2\/users\/1"}],"replies":[{"embeddable":true,"href":"https:\/\/gradski.me\/en\/wp-json\/wp\/v2\/comments?post=933181"}],"version-history":[{"count":0,"href":"https:\/\/gradski.me\/en\/wp-json\/wp\/v2\/posts\/933181\/revisions"}],"wp:featuredmedia":[{"embeddable":true,"href":"https:\/\/gradski.me\/en\/wp-json\/wp\/v2\/media\/933182"}],"wp:attachment":[{"href":"https:\/\/gradski.me\/en\/wp-json\/wp\/v2\/media?parent=933181"}],"wp:term":[{"taxonomy":"category","embeddable":true,"href":"https:\/\/gradski.me\/en\/wp-json\/wp\/v2\/categories?post=933181"},{"taxonomy":"post_tag","embeddable":true,"href":"https:\/\/gradski.me\/en\/wp-json\/wp\/v2\/tags?post=933181"},{"taxonomy":"naslovna","embeddable":true,"href":"https:\/\/gradski.me\/en\/wp-json\/wp\/v2\/naslovna?post=933181"}],"curies":[{"name":"wp","href":"https:\/\/api.w.org\/{rel}","templated":true}]}}