{"id":933105,"date":"2025-05-24T13:07:00","date_gmt":"2025-05-24T11:07:00","guid":{"rendered":"https:\/\/gradski.me\/uncategorized\/od-uvodjenja-novih-krivicnih-djela-vaznija-primjena-zakona-u-praksi\/"},"modified":"2025-05-24T13:07:00","modified_gmt":"2025-05-24T11:07:00","slug":"od-uvodjenja-novih-krivicnih-djela-vaznija-primjena-zakona-u-praksi","status":"publish","type":"post","link":"https:\/\/gradski.me\/en\/hronika\/od-uvodjenja-novih-krivicnih-djela-vaznija-primjena-zakona-u-praksi\/","title":{"rendered":"Od uvo\u0111enja novih krivi\u010dnih djela va\u017enija primjena zakona u praksi"},"content":{"rendered":"<p>Ministarstvo pravde planira da u Krivi\u010dni zakonik uvede novo krivi\u010dno djelo \u2013 te\u0161ki govor mr\u017enje, za koji \u0107e biti propisana kazna zatvora od tri mjeseca do tri godine.<\/p>\n\n\n\n<p>Projektna koordinatorka Instituta za medije<strong> Vesna Rajkovi\u0107 Nenadi\u0107<\/strong>&nbsp;ocijenila je da u Crnoj Gori postoji zadovoljavaju\u0107i pravni okvir za suzbijanje govora mr\u017enje, iako je potrebno neka rje\u0161enja dodatno poja\u010dati posebno kako bi postojala jasna razlika \u0161ta je prekr\u0161aj, a \u0161ta krivi\u010dno djelo.<\/p>\n\n\n\n<p>Advokat V<strong>eselin Radulovi\u0107<\/strong> je rekao da to nije dobro rje\u0161enje, navode\u0107i da Crna Gora ima problem sa primjenom zakona.<\/p>\n\n\n\n<p>\u201cU ovom momentu u pravnom okviru imamo dovoljno mehanizama za efikasnu borbu protiv govora mr\u017enje, ali je problem \u0161to nemamo funkcionalne institucije koje do sada primjenu tog pravnog okvira nijesu obezbje\u0111ivale u praksi\u201d, kazao je Radulovi\u0107 agenciji MINA.<\/p>\n\n\n\n<p>Prema njegovim rije\u010dima, taj problem se ne mo\u017ee rije\u0161iti izmjenom Krivi\u010dnog zakonika i propisivanjem novih krvi\u010dnih djela, ve\u0107 funkcionalnim institucijama i pravilnom primjenom zakona.<\/p>\n\n\n\n<p>\u201cVlada je, na\u017ealost, po ko zna koji put, posegla za jednom vrstom politi\u010dke i populisti\u010dke pri\u010de, gdje se javnosti poku\u0161ava predstaviti kao da postoji volja da ovaj problem rije\u0161e i uvijek to rade tako \u0161to predla\u017eu izmjene ili dopune postoje\u0107ih zakona\u201d, naveo je Radulovi\u0107.<\/p>\n\n\n\n<p>Radulovi\u0107 je kazao da do sada Vlada nije uradila ni\u0161ta kako bi obezbijedila uslove da institucije primijene taj pravni okvir koji je, prema njegovoj ocjeni, do sada bio dovoljan da bi na govor mr\u017enje reagovalo adekvatno.<\/p>\n\n\n\n<p>Radulovi\u0107e je ocijenio da je klju\u010dni problem \u0161to institucije ne primjenjuju zakone onako kako bi trebalo.<\/p>\n\n\n\n<p>\u201cTaj problem se nikada nigdje nije rije\u0161io izmjenom i dopunom zakona, ve\u0107 upravo njegovom primjenom u praksi na bolji i efikasniji na\u010din\u201d, istakao je Radulovi\u0107.<\/p>\n\n\n\n<p>Rajkovi\u0107 Nenadi\u0107 smatra da u Crnoj Gori postoji zadovoljavaju\u0107i pravni okvir za suzbijanje govora mr\u017enje, iako je potrebno neka rje\u0161enja dodatno poja\u010dati posebno kako bi postojala jasna razlika \u0161ta je prekr\u0161aj a \u0161ta krivi\u010dno djelo.<\/p>\n\n\n\n<p>Ona je kazala da uvo\u0111enje novog krivi\u010dnog djela te\u0161ki oblik govora mr\u017enje mo\u017ee biti dobro rje\u0161enje ako se ta odredba bude primjenjivala u praksi.<\/p>\n\n\n\n<p>\u201cIpak, smatram da je problem u tome \u0161to se ni sada\u0161nja rje\u0161enja ne primjenjuju u praksi ili se primjenjiju selektivno pa u istoj pravnoj stvari djelo bude kvalifikovano kao prek\u0161aj a u drugoj kao krivi\u010dno djelo\u201d, rekla je Rajkovi\u0107 Nenadi\u0107 agenciji MINA.<\/p>\n\n\n\n<p>Kako je istakla, govor mr\u017enje u Crnoj Gori je sastavni dio nekoliko zakona.<\/p>\n\n\n\n<p>Rajkovi\u0107 Nenadi\u0107 je pojasnila da su Krivi\u010dnim zakonikom iz \u010dlanova 370 i 443 propisane kazne zatvora od \u0161est mjeseci do pet godina za osnovni oblik djela, odnosno i do osam i deset godina za kvalifikovane oblike djela iz \u010dlana 370.<\/p>\n\n\n\n<p>\u201cAnalize nevladinih organizacija su pokazale da su u praksi za izvr\u0161enje ovih djela i njihovih kvalifikovanih oblika izricane uslovne osude i kazne od tri mjeseca do godinu dana zatvora\u201d, rekla je Rajkovi\u0107 Nenadi\u0107.<\/p>\n\n\n\n<p>Ona je dodala da su i u prekr\u0161ajnom postupku za prekr\u0161aj iz Zakona o javnom redu i miru, za koji je predvi\u0111ena nov\u010dana kazna od 250 do 1,5 hiljada eura ili kazna zatvora od 60 dana, izricane kazne od 150 do najvi\u0161e hiljadu eura.<\/p>\n\n\n\n<p>Rajkovi\u0107 Nenadi\u0107 je podsjetila da ombudsman u svojim izvje\u0161tajima ukazuje da se prilikom kvalifikovanja prekr\u0161aja ima u vidu odredba \u010dlana Zakona o zabrani diskriminacije kojom je govor mr\u017enje predvi\u0111en kao poseban oblik diskriminacije, kao i da se prilikom odmjeravanja sankcije za govor mr\u017enje uzimaju u obzir ote\u017eavaju\u0107e okolnosti u vidu motiva za izvr\u0161enje zasnovanog na predrasudi, odnosno li\u010dnom svojstvu \u017ertve.<\/p>\n\n\n\n<p>Ona je kazala da gra\u0111ani\/ke prijavljuju najvi\u0161e govor mr\u017enje na onlajn \/online\/ platformama.<\/p>\n\n\n\n<p>\u201cInternet prostor je i dalje bez adekvatne, odnosno nedovoljno efikasne kontrole i administracije sadr\u017eaja, a govor mr\u017enje i drugi nezakoniti sadr\u017eaji se lako \u0161ire. To je posebno opasno jer napadi iz onlajn prostora mogu eskalirati fizi\u010dkim napadom\u201d, upozorila je Rajkovi\u0107 Nenadi\u0107.<\/p>\n\n\n\n<p>Kako je navela, podaci Uprave policije pokazuju da po prijavama za komentare \u010desto nije bilo mogu\u0107e utvrditi identitet po\u010dinilaca, zbog \u010dega u tim predmetima nije izre\u010dena sankcija.<\/p>\n\n\n\n<p>\u201cZato smatram da je mnogo va\u017enije od uvo\u0111enja novih krivi\u010dnih djela edukacija i primjena postoje\u0107ih rje\u0161enja u praksi\u201d, rekla je Rajkovi\u0107 Nenadi\u0107.<\/p>\n\n\n\n<p>Ona je kazala da je pitanje \u0161ta je govor mr\u017enje i koliko predstavnici pravosudnih organa znaju praksu Evropskog suda kada je rije\u010d o slobodi izra\u017eavanja, odnosno gdje se zavr\u0161ava sloboda izra\u017eavanja, a gdje po\u010dinje govor mr\u017enje.<\/p>\n\n\n\n<p>Kako je naglasila, svaki sporni govor (psovke, uvrede, zapaljivi govor itd.) o kojem izvje\u0161tavaju mediji nije nu\u017eno govor mr\u017enje.<\/p>\n\n\n\n<p>\u201cGovor mr\u017enje zakonom je zabranjeni govor, dok su granice slobode izra\u017eavanja ustanovljene me\u0111unarodnim standardima koje imaju primat u odnosu na nacionalno zakonodavstvo\u201d, pojasnila je Rajkovi\u0107 Nenadi\u0107 isti\u010du\u0107i da svako ograni\u010denje slobode govora mora ispuniti odre\u0111ene uslove.<\/p>\n\n\n\n<p>Radulovi\u0107 je naglasio da govor mr\u017enje ne u\u017eiva za\u0161titu po Ustavu Crne Gore, ni po Evropskoj konvenciji o za\u0161titi ljudskih prava i osnovnih sloboda, kao ni po praksi Evropskog suda za ljudska prava, i da bi na takav govor institucije morale da reaguju.<\/p>\n\n\n\n<p>On ocjenjuje pozitivnim obavezuju\u0107e uputstvo koje je vrhovni dr\u017eavni tu\u017eilac izdao vezano za postupanje dr\u017eavnih tu\u017eilaca u predmetima govora mr\u017enje, a koje bi trebalo da bude usmjereno na promjenu praksi.<\/p>\n\n\n\n<p>\u201cAko uputstvo bude primjenjivano neselektivno, bez izuzetka u svakom slu\u010daju, to mo\u017ee da doprinese boljim rezultatima kada je u pitanju borba protiv govora mr\u017enje\u201d, zaklju\u010dio je Radulovi\u0107.<\/p>","protected":false},"excerpt":{"rendered":"<p>Crna Gora ima dovoljno mehanizama za efikasnu borbu protiv govora mr\u017enje i propisivanjem novih krvi\u010dnih djela taj problem se ne mo\u017ee rije\u0161iti, ukoliko institucije budu nefunkcionalne, a zakoni se ne budu pravilno primjenjivali, smatraju sagovornici agencije MINA.<\/p>","protected":false},"author":16,"featured_media":924193,"comment_status":"open","ping_status":"open","sticky":false,"template":"","format":"standard","meta":{"_acf_changed":false,"footnotes":"","jetpack_publicize_message":"","jetpack_publicize_feature_enabled":true,"jetpack_social_post_already_shared":false,"jetpack_social_options":{"image_generator_settings":{"template":"highway","default_image_id":0,"font":"","enabled":false},"version":2}},"categories":[10],"tags":[188,9693],"naslovna":[],"class_list":["post-933105","post","type-post","status-publish","format-standard","has-post-thumbnail","hentry","category-hronika","tag-crna-gora","tag-krivicna-djela"],"acf":[],"jetpack_publicize_connections":[],"_links":{"self":[{"href":"https:\/\/gradski.me\/en\/wp-json\/wp\/v2\/posts\/933105","targetHints":{"allow":["GET"]}}],"collection":[{"href":"https:\/\/gradski.me\/en\/wp-json\/wp\/v2\/posts"}],"about":[{"href":"https:\/\/gradski.me\/en\/wp-json\/wp\/v2\/types\/post"}],"author":[{"embeddable":true,"href":"https:\/\/gradski.me\/en\/wp-json\/wp\/v2\/users\/16"}],"replies":[{"embeddable":true,"href":"https:\/\/gradski.me\/en\/wp-json\/wp\/v2\/comments?post=933105"}],"version-history":[{"count":0,"href":"https:\/\/gradski.me\/en\/wp-json\/wp\/v2\/posts\/933105\/revisions"}],"wp:featuredmedia":[{"embeddable":true,"href":"https:\/\/gradski.me\/en\/wp-json\/wp\/v2\/media\/924193"}],"wp:attachment":[{"href":"https:\/\/gradski.me\/en\/wp-json\/wp\/v2\/media?parent=933105"}],"wp:term":[{"taxonomy":"category","embeddable":true,"href":"https:\/\/gradski.me\/en\/wp-json\/wp\/v2\/categories?post=933105"},{"taxonomy":"post_tag","embeddable":true,"href":"https:\/\/gradski.me\/en\/wp-json\/wp\/v2\/tags?post=933105"},{"taxonomy":"naslovna","embeddable":true,"href":"https:\/\/gradski.me\/en\/wp-json\/wp\/v2\/naslovna?post=933105"}],"curies":[{"name":"wp","href":"https:\/\/api.w.org\/{rel}","templated":true}]}}