{"id":932929,"date":"2025-05-23T13:39:32","date_gmt":"2025-05-23T11:39:32","guid":{"rendered":"https:\/\/gradski.me\/uncategorized\/zavrseno-proljecno-izdanje-podgorickog-pazara-trg-nezavisnosti-bio-centar-dobre-energije-i-zabave\/"},"modified":"2025-05-23T13:39:32","modified_gmt":"2025-05-23T11:39:32","slug":"zavrseno-proljecno-izdanje-podgorickog-pazara-trg-nezavisnosti-bio-centar-dobre-energije-i-zabave","status":"publish","type":"post","link":"https:\/\/gradski.me\/en\/podgorica\/zavrseno-proljecno-izdanje-podgorickog-pazara-trg-nezavisnosti-bio-centar-dobre-energije-i-zabave\/","title":{"rendered":"Zavr\u0161eno prolje\u0107no izdanje Podgori\u010dkog pazara; Trg Nezavisnosti bio centar dobre energije i zabave"},"content":{"rendered":"<p><\/p>\n\n\n\n<p><\/p>\n\n\n\n<p><\/p>\n\n\n\n<p>Tokom trajanja manifestacije, kako je saop\u0161tila gradska uprava, posjetioci su imali priliku da u\u017eivaju u bogatom kulturno-zabavnom programu namijenjenom svim generacijama, ali i raznovrsnoj ponudi u ku\u0107icama koje je Glavni grad i ove godine ustupio potpuno besplatno.<\/p>\n\n\n\n<p>Organizovani su brojni koncerti, kako lokalnih izvo\u0111a\u010da, koji tradicionalno imaju prostor u okviru Pazara, tako i regionalno poznatih izvo\u0111a\u010da koji su ove godine doprinijeli rekordnoj posje\u0107enosti, tokom nastupa.<\/p>\n\n\n\n<p>Osim toga, realizovani su i nezaobilazni programi za djecu \u2013 dje\u010dije predstave, kreativne radionice, animatori i zabavljatori.<\/p>\n\n\n\n<p>Iz Glavnog grada kazali su da su interesovanje i odziv gra\u0111ana i ove godine pokazali koliko su ovakvi programi va\u017eni za kulturu, ali i koliko su va\u017eni za afirmaciju centra grada kao urbanog prostora koji okuplja sugra\u0111ane i turiste i nudi bogat sadr\u017eaj.<\/p>\n\n\n\n<p>Glavni grad, Sekretarijat za kulturu i TO Podgorica zahvaljuju partnerima, u\u010desnicima i posjetiocima na doprinosu uspjehu prolje\u0107nog izdanja Podgori\u010dkog pazara.<\/p>\n\n\n\n<p>\u201cSa zadovoljstvom najavljujemo da \u0107emo i u narednom periodu posve\u0107eno raditi na unapre\u0111enju ukupne ponude grada, jer Podgorica zaslu\u017euje jo\u0161 vi\u0161e prostora za kvalitetne kulturno-zabavne programe\u201d, poru\u010dili su iz gradske uprave.<\/p>","protected":false},"excerpt":{"rendered":"<p>Sino\u0107njim nastupom popularne novosadske grupe \u201cFrajle\u201d sve\u010dano je zatvoreno prolje\u0107no izdanje Podgori\u010dkog pazara, koje je od 5. maja na Trgu Nezavisnosti okupljalo brojne sugra\u0111ane i posjetioce.<\/p>","protected":false},"author":5,"featured_media":932930,"comment_status":"open","ping_status":"open","sticky":false,"template":"","format":"standard","meta":{"_acf_changed":false,"footnotes":"","jetpack_publicize_message":"","jetpack_publicize_feature_enabled":true,"jetpack_social_post_already_shared":false,"jetpack_social_options":{"image_generator_settings":{"template":"highway","default_image_id":0,"font":"","enabled":false},"version":2}},"categories":[6],"tags":[11989,5849],"naslovna":[],"class_list":["post-932929","post","type-post","status-publish","format-standard","has-post-thumbnail","hentry","category-podgorica","tag-podgoricki-pazar","tag-trg-nezavisnosti"],"acf":[],"jetpack_publicize_connections":[],"_links":{"self":[{"href":"https:\/\/gradski.me\/en\/wp-json\/wp\/v2\/posts\/932929","targetHints":{"allow":["GET"]}}],"collection":[{"href":"https:\/\/gradski.me\/en\/wp-json\/wp\/v2\/posts"}],"about":[{"href":"https:\/\/gradski.me\/en\/wp-json\/wp\/v2\/types\/post"}],"author":[{"embeddable":true,"href":"https:\/\/gradski.me\/en\/wp-json\/wp\/v2\/users\/5"}],"replies":[{"embeddable":true,"href":"https:\/\/gradski.me\/en\/wp-json\/wp\/v2\/comments?post=932929"}],"version-history":[{"count":0,"href":"https:\/\/gradski.me\/en\/wp-json\/wp\/v2\/posts\/932929\/revisions"}],"wp:featuredmedia":[{"embeddable":true,"href":"https:\/\/gradski.me\/en\/wp-json\/wp\/v2\/media\/932930"}],"wp:attachment":[{"href":"https:\/\/gradski.me\/en\/wp-json\/wp\/v2\/media?parent=932929"}],"wp:term":[{"taxonomy":"category","embeddable":true,"href":"https:\/\/gradski.me\/en\/wp-json\/wp\/v2\/categories?post=932929"},{"taxonomy":"post_tag","embeddable":true,"href":"https:\/\/gradski.me\/en\/wp-json\/wp\/v2\/tags?post=932929"},{"taxonomy":"naslovna","embeddable":true,"href":"https:\/\/gradski.me\/en\/wp-json\/wp\/v2\/naslovna?post=932929"}],"curies":[{"name":"wp","href":"https:\/\/api.w.org\/{rel}","templated":true}]}}