{"id":932802,"date":"2025-05-22T17:57:00","date_gmt":"2025-05-22T15:57:00","guid":{"rendered":"https:\/\/gradski.me\/uncategorized\/lavice-sa-spanijom-paragvajem-i-farskim-ostrvima\/"},"modified":"2025-05-22T17:57:00","modified_gmt":"2025-05-22T15:57:00","slug":"lavice-sa-spanijom-paragvajem-i-farskim-ostrvima","status":"publish","type":"post","link":"https:\/\/gradski.me\/en\/sport\/lavice-sa-spanijom-paragvajem-i-farskim-ostrvima\/","title":{"rendered":"&#8222;Lavice&#8220; sa \u0160panijom, Paragvajem i Farskim Ostrvima"},"content":{"rendered":"<p><\/p>\n\n\n\n<p><\/p>\n\n\n\n<p>Odranije se znalo da \u0107e izabranice Suzane Lazovi\u0107 odmjeriti snage sa Farankama, a dana\u0161nji \u017erijeb im je za rivale \u201edao\u201c i \u0160panjolke i Paragvajke \u2013 D grupa \u0107e se igrati u njema\u010dkom Triru.<\/p>\n\n\n\n<p>Na\u0161a selekcija je \u017erijeb do\u010dekala iz prvog \u0161e\u0161ira.<\/p>\n\n\n\n<p>U preliminarnoj rundi SP formira se osam grupa sa po \u010detiri tima, a po tri prvoplasirane ekipe izbori\u0107e plasman u glavnu rundu.<\/p>\n\n\n\n<p>Najbolji rezultat na mundijalima crnogorske rukometa\u0161ice ostvarile su u Japanu 2019. godine, kada su bile petoplasirane.<\/p>\n\n\n\n<p>Svjetsko prvenstvo je na programu od 26. novembra do 14. decembra u Holandiji i Njema\u010dkoj.<\/p>\n\n\n\n<p><strong>Grupa A (Roterdam):<\/strong>&nbsp;Danska, Rumunija, Japan, Hrvatska;<\/p>\n\n\n\n<p><strong>Grupa B (Hertogenbo\u0161):<\/strong>&nbsp;ma\u0111arska, \u0160vajcarska, Senegal, Iran;<\/p>\n\n\n\n<p><strong>Grupa C (\u0160tutgart):&nbsp;<\/strong>Njema\u010dka, Srbija, Island, Urugvaj;<\/p>\n\n\n\n<p><strong>Grupa D (Trir):&nbsp;<\/strong>Crna Gora, \u0160panija, Farska Ostrva, Paragvaj;<\/p>\n\n\n\n<p><strong>Grupa E (Roterdam):<\/strong>&nbsp;Holandija, Austrija, Argentina, Egipat;<\/p>\n\n\n\n<p><strong>Grupa F (Hertogenbo\u0161):<\/strong>&nbsp;Francuska, Poljska, Tunis, Kina;<\/p>\n\n\n\n<p><strong>Grupa G (\u0160tutgart):<\/strong>&nbsp;\u0160vedska, Brazil, \u010ce\u0161ka, Kuba;<\/p>\n\n\n\n<p><strong>Grupa H (Trir):<\/strong>&nbsp;Norve\u0161ka, Angola, Ju\u017ena Koreja, Kazahstan.<\/p>\n\n\n\n<p><\/p>","protected":false},"excerpt":{"rendered":"<p>Crnogorske rukometa\u0161ice \u0107e na Svjetskom prvenstvu igrati u grupi D \u2013 sa \u0160panijom, Farskim Ostrvima i Paragvajem, odlu\u010deno je na \u017erijebu.<\/p>","protected":false},"author":5,"featured_media":932803,"comment_status":"open","ping_status":"open","sticky":false,"template":"","format":"standard","meta":{"_acf_changed":false,"footnotes":"","jetpack_publicize_message":"","jetpack_publicize_feature_enabled":true,"jetpack_social_post_already_shared":false,"jetpack_social_options":{"image_generator_settings":{"template":"highway","default_image_id":0,"font":"","enabled":false},"version":2}},"categories":[15],"tags":[1950,4776,3444],"naslovna":[],"class_list":["post-932802","post","type-post","status-publish","format-standard","has-post-thumbnail","hentry","category-sport","tag-lavice","tag-svjetsko-prvenstvo","tag-zrijeb"],"acf":[],"jetpack_publicize_connections":[],"_links":{"self":[{"href":"https:\/\/gradski.me\/en\/wp-json\/wp\/v2\/posts\/932802","targetHints":{"allow":["GET"]}}],"collection":[{"href":"https:\/\/gradski.me\/en\/wp-json\/wp\/v2\/posts"}],"about":[{"href":"https:\/\/gradski.me\/en\/wp-json\/wp\/v2\/types\/post"}],"author":[{"embeddable":true,"href":"https:\/\/gradski.me\/en\/wp-json\/wp\/v2\/users\/5"}],"replies":[{"embeddable":true,"href":"https:\/\/gradski.me\/en\/wp-json\/wp\/v2\/comments?post=932802"}],"version-history":[{"count":0,"href":"https:\/\/gradski.me\/en\/wp-json\/wp\/v2\/posts\/932802\/revisions"}],"wp:featuredmedia":[{"embeddable":true,"href":"https:\/\/gradski.me\/en\/wp-json\/wp\/v2\/media\/932803"}],"wp:attachment":[{"href":"https:\/\/gradski.me\/en\/wp-json\/wp\/v2\/media?parent=932802"}],"wp:term":[{"taxonomy":"category","embeddable":true,"href":"https:\/\/gradski.me\/en\/wp-json\/wp\/v2\/categories?post=932802"},{"taxonomy":"post_tag","embeddable":true,"href":"https:\/\/gradski.me\/en\/wp-json\/wp\/v2\/tags?post=932802"},{"taxonomy":"naslovna","embeddable":true,"href":"https:\/\/gradski.me\/en\/wp-json\/wp\/v2\/naslovna?post=932802"}],"curies":[{"name":"wp","href":"https:\/\/api.w.org\/{rel}","templated":true}]}}