{"id":932745,"date":"2025-05-22T12:13:16","date_gmt":"2025-05-22T10:13:16","guid":{"rendered":"https:\/\/gradski.me\/uncategorized\/u-budvi-uhapsena-trojica-podgoricana-osumnjiceni-za-kradju-plaznog-inventara-i-rashladnih-vitrina\/"},"modified":"2025-05-22T12:13:16","modified_gmt":"2025-05-22T10:13:16","slug":"u-budvi-uhapsena-trojica-podgoricana-osumnjiceni-za-kradju-plaznog-inventara-i-rashladnih-vitrina","status":"publish","type":"post","link":"https:\/\/gradski.me\/en\/hronika\/u-budvi-uhapsena-trojica-podgoricana-osumnjiceni-za-kradju-plaznog-inventara-i-rashladnih-vitrina\/","title":{"rendered":"U Budvi uhap\u0161ena trojica Podgori\u010dana: Osumnji\u010deni za kra\u0111u pla\u017enog inventara i rashladnih vitrina"},"content":{"rendered":"<p>&#8222;Oni su kako se sumnja u nekoliko navrata, na organizovan na\u010din dolazili iz Podgorice u Budvu gdje su od tri o\u0161te\u0107ena lica otu\u0111ili ve\u0107u koli\u010dinu opreme za pla\u017eu, le\u017ealjki, alata, ventilatora, plinskih boca, setova posu\u0111a i kuhinjskih aparata kao i dvije rashladne vitrine.<\/p>\n\n\n\n<p>A.K., A.O. i F.C. \u0107e, kako navode, u skra\u0107enom postupku uz krivi\u010dnu prijavu biti privedeni Osnovnom dr\u017eavnom tu\u017eila\u0161tvu u Kotoru na dalju nadle\u017enost i postupanje.<\/p>","protected":false},"excerpt":{"rendered":"<p>Slu\u017ebenici Regionalnog centra bezbjednosti \u201cJug\u201d \u2013 Odjeljenja bezbjednosti Budva, rasvijetlili su vi\u0161e te\u0161kih kra\u0111a na teritoriji te op\u0161tine i identifikovali i uhapsili tri lica iz Podgorice A.K.(24), A.O.(23) I F.C.(47).<\/p>","protected":false},"author":18,"featured_media":0,"comment_status":"open","ping_status":"open","sticky":false,"template":"","format":"standard","meta":{"_acf_changed":false,"footnotes":"","jetpack_publicize_message":"","jetpack_publicize_feature_enabled":true,"jetpack_social_post_already_shared":false,"jetpack_social_options":{"image_generator_settings":{"template":"highway","default_image_id":0,"font":"","enabled":false},"version":2}},"categories":[10],"tags":[925,387,20057,109],"naslovna":[],"class_list":["post-932745","post","type-post","status-publish","format-standard","hentry","category-hronika","tag-budva","tag-kradja","tag-podgoricani","tag-uprava-policije"],"acf":[],"jetpack_publicize_connections":[],"_links":{"self":[{"href":"https:\/\/gradski.me\/en\/wp-json\/wp\/v2\/posts\/932745","targetHints":{"allow":["GET"]}}],"collection":[{"href":"https:\/\/gradski.me\/en\/wp-json\/wp\/v2\/posts"}],"about":[{"href":"https:\/\/gradski.me\/en\/wp-json\/wp\/v2\/types\/post"}],"author":[{"embeddable":true,"href":"https:\/\/gradski.me\/en\/wp-json\/wp\/v2\/users\/18"}],"replies":[{"embeddable":true,"href":"https:\/\/gradski.me\/en\/wp-json\/wp\/v2\/comments?post=932745"}],"version-history":[{"count":0,"href":"https:\/\/gradski.me\/en\/wp-json\/wp\/v2\/posts\/932745\/revisions"}],"wp:attachment":[{"href":"https:\/\/gradski.me\/en\/wp-json\/wp\/v2\/media?parent=932745"}],"wp:term":[{"taxonomy":"category","embeddable":true,"href":"https:\/\/gradski.me\/en\/wp-json\/wp\/v2\/categories?post=932745"},{"taxonomy":"post_tag","embeddable":true,"href":"https:\/\/gradski.me\/en\/wp-json\/wp\/v2\/tags?post=932745"},{"taxonomy":"naslovna","embeddable":true,"href":"https:\/\/gradski.me\/en\/wp-json\/wp\/v2\/naslovna?post=932745"}],"curies":[{"name":"wp","href":"https:\/\/api.w.org\/{rel}","templated":true}]}}