{"id":932437,"date":"2025-05-20T13:05:00","date_gmt":"2025-05-20T11:05:00","guid":{"rendered":"https:\/\/gradski.me\/uncategorized\/fondacija-volonteri-crne-gore-odrzala-radionicu-o-volonterizmu-za-mlade-iz-niksica\/"},"modified":"2025-05-20T13:05:00","modified_gmt":"2025-05-20T11:05:00","slug":"fondacija-volonteri-crne-gore-odrzala-radionicu-o-volonterizmu-za-mlade-iz-niksica","status":"publish","type":"post","link":"https:\/\/gradski.me\/en\/drustvo\/fondacija-volonteri-crne-gore-odrzala-radionicu-o-volonterizmu-za-mlade-iz-niksica\/","title":{"rendered":"Fondacija Volonteri Crne Gore odr\u017eala radionicu o volonterizmu za mlade iz Nik\u0161i\u0107a"},"content":{"rendered":"<p><\/p>\n\n\n\n<p><\/p>\n\n\n\n<p><\/p>\n\n\n\n<p>Radionica je odr\u017eana u Informativno-edukativnom centru, smje\u0161tenom u tr\u017enom centru u Nik\u0161i\u0107u. Fondacija Volonteri Crne Gore ve\u0107 du\u017ei niz godina djeluje u oblasti humanitarnog rada, volonterizma i gra\u0111anske participacije, sa ciljem osna\u017eivanja gra\u0111ana, naro\u010dito kategorije mladih, da svojim anga\u017emanom doprinesu razvoju lokalnih zajednica i izgradnji solidarnijeg dru\u0161tva.<\/p>\n\n\n\n<p>\u201cOva radionica predstavlja jednu od klju\u010dnih aktivnosti u okviru projekta \u201eMladi su zakon! #CrnaGoraVolontira!\u201c, koji Fondacija realizuje uz podr\u0161ku Ministarstva sporta i mladih Crne Gore. Tokom radionice, u\u010desnici su se upoznali sa pravnim, dru\u0161tvenim i normativnim aspektima volonterizma, kao i sa na\u010dinima uklju\u010divanja u volonterske inicijative. Nakon uspje\u0161no realizovane radionice u Nik\u0161i\u0107u, do kraja mjeseca planiramo realizovati radionice u Ro\u017eajama i Baru, \u010dime se dodatno \u0161iri mre\u017ea mladih volontera i ja\u010da kultura volonterizma me\u0111u novim generacijama.\u201d izjavljuje&nbsp;<strong>Jelena Balti\u0107<\/strong>, asistentkinja koordinatora projekta.<\/p>\n\n\n\n<p>Kako je dodala Balti\u0107, u nastavku implementacije projekta, Fondacija \u0107e objaviti javni poziv za sve mlade iz Crne Gore, koji \u0107e imati priliku da osmisle i prijave volonterske akcije u svojim zajednicama. Odabrane inicijative bi\u0107e finansijski podr\u017eane od strane Fondacije, \u0161to mladima omogu\u0107ava da svoje ideje pretvore u konkretne aktivnosti s pozitivnim uticajem na dru\u0161tvo.<\/p>\n\n\n\n<p>Za vi\u0161e informacija o projektu i narednim aktivnostima, pozvali su sve zainteresovane da prate dru\u0161tvene mre\u017ee i objave na sajtu Fondacije Volonteri Crne Gore.<\/p>","protected":false},"excerpt":{"rendered":"<p>Fondacija Volonteri Crne Gore realizovala je informativno-edukativnu radionicu na temu benefita i zna\u010daja volonterizma, namijenjenu mladima uzrasta od 15 do 30 godina.<\/p>","protected":false},"author":5,"featured_media":932438,"comment_status":"open","ping_status":"open","sticky":false,"template":"","format":"standard","meta":{"_acf_changed":false,"footnotes":"","jetpack_publicize_message":"","jetpack_publicize_feature_enabled":true,"jetpack_social_post_already_shared":false,"jetpack_social_options":{"image_generator_settings":{"template":"highway","default_image_id":0,"font":"","enabled":false},"version":2}},"categories":[9],"tags":[1427,14596],"naslovna":[],"class_list":["post-932437","post","type-post","status-publish","format-standard","has-post-thumbnail","hentry","category-drustvo","tag-radionica","tag-volonteri-crne-gore"],"acf":[],"jetpack_publicize_connections":[],"_links":{"self":[{"href":"https:\/\/gradski.me\/en\/wp-json\/wp\/v2\/posts\/932437","targetHints":{"allow":["GET"]}}],"collection":[{"href":"https:\/\/gradski.me\/en\/wp-json\/wp\/v2\/posts"}],"about":[{"href":"https:\/\/gradski.me\/en\/wp-json\/wp\/v2\/types\/post"}],"author":[{"embeddable":true,"href":"https:\/\/gradski.me\/en\/wp-json\/wp\/v2\/users\/5"}],"replies":[{"embeddable":true,"href":"https:\/\/gradski.me\/en\/wp-json\/wp\/v2\/comments?post=932437"}],"version-history":[{"count":0,"href":"https:\/\/gradski.me\/en\/wp-json\/wp\/v2\/posts\/932437\/revisions"}],"wp:featuredmedia":[{"embeddable":true,"href":"https:\/\/gradski.me\/en\/wp-json\/wp\/v2\/media\/932438"}],"wp:attachment":[{"href":"https:\/\/gradski.me\/en\/wp-json\/wp\/v2\/media?parent=932437"}],"wp:term":[{"taxonomy":"category","embeddable":true,"href":"https:\/\/gradski.me\/en\/wp-json\/wp\/v2\/categories?post=932437"},{"taxonomy":"post_tag","embeddable":true,"href":"https:\/\/gradski.me\/en\/wp-json\/wp\/v2\/tags?post=932437"},{"taxonomy":"naslovna","embeddable":true,"href":"https:\/\/gradski.me\/en\/wp-json\/wp\/v2\/naslovna?post=932437"}],"curies":[{"name":"wp","href":"https:\/\/api.w.org\/{rel}","templated":true}]}}