{"id":932432,"date":"2025-05-20T12:13:00","date_gmt":"2025-05-20T10:13:00","guid":{"rendered":"https:\/\/gradski.me\/uncategorized\/cnp-nalicje-veceras-na-velikoj-sceni\/"},"modified":"2025-05-20T12:13:00","modified_gmt":"2025-05-20T10:13:00","slug":"cnp-nalicje-veceras-na-velikoj-sceni","status":"publish","type":"post","link":"https:\/\/gradski.me\/en\/kultura\/cnp-nalicje-veceras-na-velikoj-sceni\/","title":{"rendered":"CNP: \u201cNali\u010dje\u201d ve\u010deras na Velikoj sceni"},"content":{"rendered":"<p><br><\/p>\n\n\n\n<p>\u201cNali\u010dje je pri\u010da o vremenu \u010diji je Bog postao novac, a molitva \u2013 sticanje. O vremenu koje ne bira sredstva. O iscrpljivanju du\u017enika do posljednjeg centa. O \u010dovjeku koji vi\u0161e ne vidi \u010dovjeka. O \u010dovjeku koji zaboravlja na postojanje. Pri\u010da o vremenu koje je izgubilo lice i koje vi\u0161e ne razlikuje lice od nali\u010dja\u201c, istakao je reditelj Lije\u0161evi\u0107.<\/p>\n\n\n\n<p>Uloge tuma\u010de: Aleksandar Radulovi\u0107, Lazar \u0110ur\u0111evi\u0107, Kristina Obradovi\u0107, \u017dana Garda\u0161evi\u0107-Bulatovi\u0107, Nada Vuk\u010devi\u0107, Jadranka Mami\u0107, Danilo \u010celebi\u0107, Zoran Vujovi\u0107, Ana Vujo\u0161evi\u0107, Nada Vuk\u010devi\u0107, Gorana Draga\u0161evi\u0107, Tihana \u0106ulafi\u0107, Jelena Mini\u0107, Jelena Nenezi\u0107, Mirjana Spai\u0107, Julija Mila\u010di\u0107 Petrovi\u0107 Njego\u0161, Radmila Bo\u017eovi\u0107, Jovan Dabovi\u0107, Jovana Brnovi\u0107 i An\u0111ela Marunovi\u0107.<\/p>\n\n\n\n<p>Dramaturzi predstave su Stela Mi\u0161kovi\u0107 i Stefan Bo\u0161kovi\u0107, kostimografkinja je Lejla Hod\u017ei\u0107, scenografkinja Andreja Rondovi\u0107, kompozitorka Nina Perovi\u0107, koreografkinja Tamara Vujo\u0161evi\u0107 Mandi\u0107, asistentkinje re\u017eije Nata\u0161a Mili\u0107evi\u0107 i Mirjana Spaji\u0107, asistentkinja scenografije Jelena Ivan\u010devi\u0107, asistentkinja kostimografkinje Gordana Bulatovi\u0107, a izvr\u0161ni producent Danilo Milatovi\u0107.<\/p>\n\n\n\n<p>Ulaznice se mogu kupiti putem veb-sajta www.cnp.me i na biletarnici, dok se o aktivnostima Crnogorskog narodnog pozori\u0161ta publika mo\u017ee informisati i na dru\u0161tvenim mre\u017eama Facebook i Instagram, kao i Viber kanalu.<\/p>\n\n\n\n<p><\/p>","protected":false},"excerpt":{"rendered":"<p>Predstava \u201cNali\u010dje\u201d, autorski projekat reditelja Borisa Lije\u0161evi\u0107a, bi\u0107e izvedena ve\u010deras (20. maj) na Velikoj sceni Crnogorskog narodnog pozori\u0161ta s po\u010detkom u 20 sati.<\/p>","protected":false},"author":5,"featured_media":932433,"comment_status":"open","ping_status":"open","sticky":false,"template":"","format":"standard","meta":{"_acf_changed":false,"footnotes":"","jetpack_publicize_message":"","jetpack_publicize_feature_enabled":true,"jetpack_social_post_already_shared":false,"jetpack_social_options":{"image_generator_settings":{"template":"highway","default_image_id":0,"font":"","enabled":false},"version":2}},"categories":[11],"tags":[8436,9814],"naslovna":[],"class_list":["post-932432","post","type-post","status-publish","format-standard","has-post-thumbnail","hentry","category-kultura","tag-nalicje","tag-velika-scena"],"acf":[],"jetpack_publicize_connections":[],"_links":{"self":[{"href":"https:\/\/gradski.me\/en\/wp-json\/wp\/v2\/posts\/932432","targetHints":{"allow":["GET"]}}],"collection":[{"href":"https:\/\/gradski.me\/en\/wp-json\/wp\/v2\/posts"}],"about":[{"href":"https:\/\/gradski.me\/en\/wp-json\/wp\/v2\/types\/post"}],"author":[{"embeddable":true,"href":"https:\/\/gradski.me\/en\/wp-json\/wp\/v2\/users\/5"}],"replies":[{"embeddable":true,"href":"https:\/\/gradski.me\/en\/wp-json\/wp\/v2\/comments?post=932432"}],"version-history":[{"count":0,"href":"https:\/\/gradski.me\/en\/wp-json\/wp\/v2\/posts\/932432\/revisions"}],"wp:featuredmedia":[{"embeddable":true,"href":"https:\/\/gradski.me\/en\/wp-json\/wp\/v2\/media\/932433"}],"wp:attachment":[{"href":"https:\/\/gradski.me\/en\/wp-json\/wp\/v2\/media?parent=932432"}],"wp:term":[{"taxonomy":"category","embeddable":true,"href":"https:\/\/gradski.me\/en\/wp-json\/wp\/v2\/categories?post=932432"},{"taxonomy":"post_tag","embeddable":true,"href":"https:\/\/gradski.me\/en\/wp-json\/wp\/v2\/tags?post=932432"},{"taxonomy":"naslovna","embeddable":true,"href":"https:\/\/gradski.me\/en\/wp-json\/wp\/v2\/naslovna?post=932432"}],"curies":[{"name":"wp","href":"https:\/\/api.w.org\/{rel}","templated":true}]}}