{"id":932180,"date":"2025-05-19T07:50:00","date_gmt":"2025-05-19T05:50:00","guid":{"rendered":"https:\/\/gradski.me\/uncategorized\/hra-skupstina-da-odmah-izabere-bar-jednog-sudiju-ustavnog-suda\/"},"modified":"2025-05-19T07:50:00","modified_gmt":"2025-05-19T05:50:00","slug":"hra-skupstina-da-odmah-izabere-bar-jednog-sudiju-ustavnog-suda","status":"publish","type":"post","link":"https:\/\/gradski.me\/en\/politika\/hra-skupstina-da-odmah-izabere-bar-jednog-sudiju-ustavnog-suda\/","title":{"rendered":"HRA: Skup\u0161tina da odmah izabere bar jednog sudiju Ustavnog suda"},"content":{"rendered":"<p><\/p>\n\n\n\n<p>\u201cNaime, od petoro sudija, koliko ih sada sudi, dvoje nezakonito obavlja posao. <strong>Budimiru \u0160\u0107epanovi\u0107u<\/strong> i <strong>Desanki Lopi\u010di\u0107<\/strong> je sudijska funkcija trebalo da prestane u maju, odnosno u junu pro\u0161le godine, a na osnovu imperativnih odredbi Ustava i Zakona o penzijskom i invalidskom osiguranju (ZPIO), kada su ispunili uslove za penziju, navr\u0161iv\u0161i 65 godina \u017eivota, odnosno 40 godina radnog sta\u017ea\u201d, ka\u017eu u HRA.<\/p>\n\n\n\n<p>Me\u0111utim, kako dodaju, oni i dalje postupaju u predmetima jer se ve\u0107ina sudija tog suda, u pogledu prestanka funkcije, dr\u017ei Zakona o radu (ZoR).<\/p>\n\n\n\n<p>\u201cTaj akt propisuje obavezan prekid radnog odnosa kada osoba navr\u0161i 66 godina, \u0161to se kosi sa mi\u0161ljenjem stru\u010dnjaka koji smatraju da se sudije ne nalaze u takvoj vrsti odnosa sa dr\u017eavom. Tako\u0111e, sudijama svih drugih sudova u dr\u017eavi funkcija prestaje \u010dim ispune uslove za penziju po ZPIO\u201d, rekli su u saop\u0161tenju.<\/p>\n\n\n\n<p>Ako Ustavni sud Crne Gore sada odlu\u010di da primijeni bar Zakon o radu, onda \u0107e, navode, sudiji \u0160\u0107epanovi\u0107u funkcija prestati 31. maja, kada puni 66 godina.<\/p>\n\n\n\n<p>Sutkinji Lopi\u010di\u0107 krajem decembra ove godine svakako isti\u010de dvanaestogodi\u0161nji mandat, ako Venecijanska komisija u me\u0111uvremenu ne podr\u017ei primjenu va\u017ee\u0107eg zakona o PIO, koji je Skup\u0161tina prethodno primijenila u slu\u010daju sutkinje<strong> Dragane \u0110uranovi\u0107<\/strong>\u201c, rekli su iz HRA.<\/p>\n\n\n\n<p>Uz sve to, kako ukazuju, kasni izbor novih sudija Ustavnog suda.<\/p>\n\n\n\n<p>\u201cTo \u0161to bar jedan ili jedna ve\u0107 nijesu izabrani, pogubno uti\u010de na efikasnost ovog suda, kojem je sada potrebno oko dvije godine da bi odlu\u010dio u predmetu\u201d, navode iz HRA.<\/p>\n\n\n\n<p>Podsje\u0107aju da kandidati za nove sudije treba da zamijene <strong>Milorada Gogi\u0107a<\/strong>, kome je funkcija prestala jo\u0161 30. avgusta 2024, Draganu \u0110uranovi\u0107, \u010diji je odlazak u penziju konstatovan 17. decembra iste godine, o \u010demu treba da se izjasni Venecijanska komisija i Budimira \u0160\u0107epanovi\u0107a, koji se do sada odr\u017eao na funkciji, ali je nakon 31. maja ove godine valjda ne\u0107e obavljati.<\/p>\n\n\n\n<p>\u201cProces izbora nasljednika Dragane \u0110uranovi\u0107 zaustavljen je pred Ustavnim odborom do izja\u0161njenja Venecijanske komisije 13. i 14. juna. Nejasno je za\u0161to se oklijeva s izborom kandidata koji treba da zamijeni Gogi\u0107a. Intervjui sa svim kandidatima su obavljeni, a predsjednik <strong>Jakov Milatovi\u0107<\/strong> je za nasljednicu Budimira \u0160\u0107epanovi\u0107a na sudijskoj funkciji predlo\u017eio <strong>Mirjanu Vu\u010dini\u0107<\/strong>\u201c, navode u saop\u0161tenju.<\/p>\n\n\n\n<p>S obzirom na do\u017eivljenu pravnu nesigurnost u pogledu trajanja mandata, smatraju da bi Ustavom trebalo jasno propisati da funkcija sudije Ustavnog suda mora da prestane kada navr\u0161i odre\u0111eni broj godina.<\/p>\n\n\n\n<p>\u201cMo\u017ee se, na primjer, primijeniti rje\u0161enje iz Bosne i Hercegovine, u kojoj je Ustavom propisano da sudije mogu da rade do 70 godina\u201d, zaklju\u010duju u saop\u0161tenju.<\/p>","protected":false},"excerpt":{"rendered":"<p>Ustavni sud Crne Gore \u0107e od 31. maja imati \u010detvoro sudija, od propisanih sedmoro, \u0161to \u0107e uticati na smanjenje efikasnosti te sudske instance. Uz sve to, samo troje sudija koji tada budu ostali na funkciji ima\u0107e legitiman mandat, saop\u0161teno je iz Akcije za ljudska prava (HRA). Navode da Skup\u0161tina treba da odmah izabere bar jednog sudiju Ustavnog suda.<\/p>","protected":false},"author":1,"featured_media":924993,"comment_status":"open","ping_status":"open","sticky":false,"template":"","format":"standard","meta":{"_acf_changed":false,"footnotes":"","jetpack_publicize_message":"","jetpack_publicize_feature_enabled":true,"jetpack_social_post_already_shared":false,"jetpack_social_options":{"image_generator_settings":{"template":"highway","default_image_id":0,"font":"","enabled":false},"version":2}},"categories":[7],"tags":[2339,6413,451,26318],"naslovna":[],"class_list":["post-932180","post","type-post","status-publish","format-standard","has-post-thumbnail","hentry","category-politika","tag-hra","tag-izbor","tag-skupstina","tag-sudija-ustavnog-suda"],"acf":[],"jetpack_publicize_connections":[],"_links":{"self":[{"href":"https:\/\/gradski.me\/en\/wp-json\/wp\/v2\/posts\/932180","targetHints":{"allow":["GET"]}}],"collection":[{"href":"https:\/\/gradski.me\/en\/wp-json\/wp\/v2\/posts"}],"about":[{"href":"https:\/\/gradski.me\/en\/wp-json\/wp\/v2\/types\/post"}],"author":[{"embeddable":true,"href":"https:\/\/gradski.me\/en\/wp-json\/wp\/v2\/users\/1"}],"replies":[{"embeddable":true,"href":"https:\/\/gradski.me\/en\/wp-json\/wp\/v2\/comments?post=932180"}],"version-history":[{"count":0,"href":"https:\/\/gradski.me\/en\/wp-json\/wp\/v2\/posts\/932180\/revisions"}],"wp:featuredmedia":[{"embeddable":true,"href":"https:\/\/gradski.me\/en\/wp-json\/wp\/v2\/media\/924993"}],"wp:attachment":[{"href":"https:\/\/gradski.me\/en\/wp-json\/wp\/v2\/media?parent=932180"}],"wp:term":[{"taxonomy":"category","embeddable":true,"href":"https:\/\/gradski.me\/en\/wp-json\/wp\/v2\/categories?post=932180"},{"taxonomy":"post_tag","embeddable":true,"href":"https:\/\/gradski.me\/en\/wp-json\/wp\/v2\/tags?post=932180"},{"taxonomy":"naslovna","embeddable":true,"href":"https:\/\/gradski.me\/en\/wp-json\/wp\/v2\/naslovna?post=932180"}],"curies":[{"name":"wp","href":"https:\/\/api.w.org\/{rel}","templated":true}]}}