{"id":932166,"date":"2025-05-19T05:44:00","date_gmt":"2025-05-19T03:44:00","guid":{"rendered":"https:\/\/gradski.me\/uncategorized\/predsjednica-moldavije-maja-sandu-danas-u-posjeti-crnoj-gori\/"},"modified":"2025-05-19T05:44:00","modified_gmt":"2025-05-19T03:44:00","slug":"predsjednica-moldavije-maja-sandu-danas-u-posjeti-crnoj-gori","status":"publish","type":"post","link":"https:\/\/gradski.me\/en\/politika\/predsjednica-moldavije-maja-sandu-danas-u-posjeti-crnoj-gori\/","title":{"rendered":"Predsjednica Moldavije Maja Sandu danas u posjeti Crnoj Gori"},"content":{"rendered":"<p><\/p>\n\n\n\n<p><\/p>\n\n\n\n<p>Predsjednica Sandu bi\u0107e do\u010dekana u Rezidenciji na Cetinju, uz najvi\u0161e dr\u017eavne i vojne po\u010dasti, nakon \u010dega \u0107e uslijediti razgovor dvoje zvani\u010dnika.<\/p>\n\n\n\n<p>Nakon upisivanja u knjigu gostiju i sastanka dvije delegacije,&nbsp;&nbsp;predsjednici \u0107e imati izjave za javnost i posaditi drvo prijateljstva u dvori\u0161tu Rezidencije na Cetinju.<\/p>\n\n\n\n<p>Predsjednica Sandu \u0107e u prisustvu predsjednika Milatovi\u0107a polo\u017eiti vijenac na Spomenik Partizanu-borcu na brdu Gorica, a potom \u0107e uslijediti i sve\u010dani ru\u010dak.<\/p>\n\n\n\n<p>Predstoje\u0107a zvani\u010dna posjeta predsjednice Moldavije, potvrda je odli\u010dnih odnosa izme\u0111u dvije zemlje i predstavlja nastavak intenzivne diplomatske aktivnosti predsjednika Milatovi\u0107a u cilju me\u0111unarodne promocije Crne Gore.<\/p>\n\n\n\n<p>Tako\u0111e, posjeta predsjednice Sandu sna\u017ean je signal za dalje ja\u010danje me\u0111udr\u017eavnih veza, kao i podr\u0161ka zajedni\u010dkim naporima Crne Gore i Moldavije na putu ka punopravnom \u010dlanstvu u Evropskoj uniji.<\/p>","protected":false},"excerpt":{"rendered":"<p>Predsjednica Republike Moldavije Maja Sandu boravi\u0107e danas, 19. maja u zvani\u010dnoj posjeti Crnoj Gori, na poziv predsjednika dr\u017eave Jakova Milatovi\u0107a. Ovo je prva zvani\u010dna posjeta jednog predsjednika Moldavije na\u0161oj zemlji.<\/p>","protected":false},"author":5,"featured_media":932021,"comment_status":"open","ping_status":"open","sticky":false,"template":"","format":"standard","meta":{"_acf_changed":false,"footnotes":"","jetpack_publicize_message":"","jetpack_publicize_feature_enabled":true,"jetpack_social_post_already_shared":false,"jetpack_social_options":{"image_generator_settings":{"template":"highway","default_image_id":0,"font":"","enabled":false},"version":2}},"categories":[7],"tags":[78,26251],"naslovna":[],"class_list":["post-932166","post","type-post","status-publish","format-standard","has-post-thumbnail","hentry","category-politika","tag-jakov-milatovic","tag-maja-sandu"],"acf":[],"jetpack_publicize_connections":[],"_links":{"self":[{"href":"https:\/\/gradski.me\/en\/wp-json\/wp\/v2\/posts\/932166","targetHints":{"allow":["GET"]}}],"collection":[{"href":"https:\/\/gradski.me\/en\/wp-json\/wp\/v2\/posts"}],"about":[{"href":"https:\/\/gradski.me\/en\/wp-json\/wp\/v2\/types\/post"}],"author":[{"embeddable":true,"href":"https:\/\/gradski.me\/en\/wp-json\/wp\/v2\/users\/5"}],"replies":[{"embeddable":true,"href":"https:\/\/gradski.me\/en\/wp-json\/wp\/v2\/comments?post=932166"}],"version-history":[{"count":0,"href":"https:\/\/gradski.me\/en\/wp-json\/wp\/v2\/posts\/932166\/revisions"}],"wp:featuredmedia":[{"embeddable":true,"href":"https:\/\/gradski.me\/en\/wp-json\/wp\/v2\/media\/932021"}],"wp:attachment":[{"href":"https:\/\/gradski.me\/en\/wp-json\/wp\/v2\/media?parent=932166"}],"wp:term":[{"taxonomy":"category","embeddable":true,"href":"https:\/\/gradski.me\/en\/wp-json\/wp\/v2\/categories?post=932166"},{"taxonomy":"post_tag","embeddable":true,"href":"https:\/\/gradski.me\/en\/wp-json\/wp\/v2\/tags?post=932166"},{"taxonomy":"naslovna","embeddable":true,"href":"https:\/\/gradski.me\/en\/wp-json\/wp\/v2\/naslovna?post=932166"}],"curies":[{"name":"wp","href":"https:\/\/api.w.org\/{rel}","templated":true}]}}