{"id":932115,"date":"2025-05-18T17:54:19","date_gmt":"2025-05-18T15:54:19","guid":{"rendered":"https:\/\/gradski.me\/uncategorized\/vukajlovic-junak-budvanska-rivijera-podigla-drugi-pehar-u-kupu\/"},"modified":"2025-05-18T17:54:19","modified_gmt":"2025-05-18T15:54:19","slug":"vukajlovic-junak-budvanska-rivijera-podigla-drugi-pehar-u-kupu","status":"publish","type":"post","link":"https:\/\/gradski.me\/en\/sport\/vukajlovic-junak-budvanska-rivijera-podigla-drugi-pehar-u-kupu\/","title":{"rendered":"Vukajlovi\u0107 junak, Budvanska rivijera podigla drugi pehar u Kupu"},"content":{"rendered":"<p>IN <a><\/a>sjajnom finalnom me\u010du u \u201eBemax areni\u201c, Budvani su savladali Mornar 7 rezultatom 21:20 i drugi put u klupskoj istoriji osvojili trofej pobjednika Kupa.<\/p>\n\n\n\n<p>Budvanska rivijera Budva je bila pobjednik ovog takmi\u010denja i 2023. godine, dok je Mornar 7 propustio priliku da prvi put osvoji naslov pobjednika.<\/p>\n\n\n\n<p>Trofej kapitenu Budvanske rivijere Budva Novaku Baj\u010deti uru\u010dio je predsjednik Rukometnog saveza Crne Gore Petar Kapisoda.<\/p>\n\n\n\n<p>Utakmica je bila puna preokreta i donijela je uzbu\u0111enja do samog kraja. Mornar 7 je bolje krenuo i poveo 3:1, Budvani preokrenuli sredinom prvog poluvremena (7:5 u 18. minutu), ali su se Barani vratili i na veliki odmor oti\u0161li sa minimalnom prednos\u0161\u0107u &#8211; 11:10.<\/p>\n\n\n\n<p>Iako je Budvanska rivijera Budva uglavnom imala prednost tokom drugog poluvremena, Mornar 7 se nije predavao ni kada je Aleksandar Glend\u017ea svom timu donio dva gola prednosti &#8211; 21:19, dva minuta prije kraja.<\/p>\n\n\n\n<p>Aleksa Ra\u017enatovi\u0107 je smanjio zaostatak na samo gol minut i po prije kraja, imao je i \u0161ut za remi u posljednjem napadu, ali je Vasilije Vukajlovi\u0107 odbranio i postao heroj tima iz Budve.<\/p>\n\n\n\n<p>Aleksandar Glend\u017ea sa \u0161est i Novak Baj\u010deta sa pet golova predvodili su tim trenera Novice Rudovi\u0107a, dok je Vasilije Vukajlovi\u0107 upisao 14 odbrana.<\/p>\n\n\n\n<p>U redovima tima iz Bara koje predvodi trener Stevo Niko\u010devi\u0107 najbolji su bili Aleksa Ra\u017enatovi\u0107 sa \u0161est i Sava Ra\u017enatovi\u0107 sa pet pogodaka, dok je Filip Junkovi\u0107 imao 10 uspje\u0161nih intervencija.<\/p>","protected":false},"excerpt":{"rendered":"<p>Rukometa\u0161i Budvanske rivijere Budva pobjednici su Kupa Crne Gore.<\/p>","protected":false},"author":7,"featured_media":932116,"comment_status":"open","ping_status":"open","sticky":false,"template":"","format":"standard","meta":{"_acf_changed":false,"footnotes":"","jetpack_publicize_message":"","jetpack_publicize_feature_enabled":true,"jetpack_social_post_already_shared":false,"jetpack_social_options":{"image_generator_settings":{"template":"highway","default_image_id":0,"font":"","enabled":false},"version":2}},"categories":[15],"tags":[3784,941,10024,19312,26284],"naslovna":[],"class_list":["post-932115","post","type-post","status-publish","format-standard","has-post-thumbnail","hentry","category-sport","tag-finale","tag-kup-crne-gore","tag-rk-budvanska-rivijera-budva","tag-rk-mornar-7","tag-vasilije-vukajlovic"],"acf":[],"jetpack_publicize_connections":[],"_links":{"self":[{"href":"https:\/\/gradski.me\/en\/wp-json\/wp\/v2\/posts\/932115","targetHints":{"allow":["GET"]}}],"collection":[{"href":"https:\/\/gradski.me\/en\/wp-json\/wp\/v2\/posts"}],"about":[{"href":"https:\/\/gradski.me\/en\/wp-json\/wp\/v2\/types\/post"}],"author":[{"embeddable":true,"href":"https:\/\/gradski.me\/en\/wp-json\/wp\/v2\/users\/7"}],"replies":[{"embeddable":true,"href":"https:\/\/gradski.me\/en\/wp-json\/wp\/v2\/comments?post=932115"}],"version-history":[{"count":0,"href":"https:\/\/gradski.me\/en\/wp-json\/wp\/v2\/posts\/932115\/revisions"}],"wp:featuredmedia":[{"embeddable":true,"href":"https:\/\/gradski.me\/en\/wp-json\/wp\/v2\/media\/932116"}],"wp:attachment":[{"href":"https:\/\/gradski.me\/en\/wp-json\/wp\/v2\/media?parent=932115"}],"wp:term":[{"taxonomy":"category","embeddable":true,"href":"https:\/\/gradski.me\/en\/wp-json\/wp\/v2\/categories?post=932115"},{"taxonomy":"post_tag","embeddable":true,"href":"https:\/\/gradski.me\/en\/wp-json\/wp\/v2\/tags?post=932115"},{"taxonomy":"naslovna","embeddable":true,"href":"https:\/\/gradski.me\/en\/wp-json\/wp\/v2\/naslovna?post=932115"}],"curies":[{"name":"wp","href":"https:\/\/api.w.org\/{rel}","templated":true}]}}