{"id":932088,"date":"2025-05-18T16:00:13","date_gmt":"2025-05-18T14:00:13","guid":{"rendered":"https:\/\/gradski.me\/uncategorized\/ferstapen-najbrzi-u-imoli\/"},"modified":"2025-05-18T16:00:13","modified_gmt":"2025-05-18T14:00:13","slug":"ferstapen-najbrzi-u-imoli","status":"publish","type":"post","link":"https:\/\/gradski.me\/en\/sport\/ferstapen-najbrzi-u-imoli\/","title":{"rendered":"Ferstapen najbr\u017ei u Imoli"},"content":{"rendered":"<p>Zvani\u010dni \u0161ampion do pobjede, druge ove sezone, do\u0161ao je u vremenu sat, 31 minut, 33 sekunde i 19,9 stotinki.<\/p>\n\n\n\n<p>Slavio je u jubilarnoj 400. trci austrijskog tima u Formuli 1.<\/p>\n\n\n\n<p>Najbli\u017ei Ferstapenu bio je Lando Noris u Meklarenu, koji je imao \u0161est sekundi zaostatka u cilju.<\/p>\n\n\n\n<p>Pobjendi\u010dko postolje kompletirao je njegov timski kolega Oskar Pjastri.<\/p>\n\n\n\n<p>Kao \u010detvrtoplasirani zavr\u0161io je Luis Hamilton u Ferariju, peti je bio voza\u010d Vilijamsa Aleksander Albon, a \u0161esti \u0160arl Lekler u Ferariju.<\/p>\n\n\n\n<p>Bodove su jo\u0161 osvojili D\u017eord\u017e Rasel u Mercedesu, Karlos Sains junior u Vilijamsu, Isak Ha\u0111ar iz RB tima i drugi voza\u010d Red Bula Juki Cunoda.<\/p>\n\n\n\n<p>Pjastri je na \u010delu generalnog plasmana aa 146 bodova i ima 13 vi\u0161e od Norisa.<\/p>\n\n\n\n<p>Ferstapen je tre\u0107i sa 124 boda.<\/p>\n\n\n\n<p>\u0160ampionat Formule 1 bi\u0107e nastavljen naredne sedmice trkom za Veliku nagradu Monaka.<\/p>","protected":false},"excerpt":{"rendered":"<p>Voza\u010d Red Bula Maks Ferstapen pobjednik je Velike nagrade Emilije Romanje, sedme trke ovogodi\u0161njeg \u0161ampionata Formule 1.<\/p>","protected":false},"author":7,"featured_media":924822,"comment_status":"open","ping_status":"open","sticky":false,"template":"","format":"standard","meta":{"_acf_changed":false,"footnotes":"","jetpack_publicize_message":"","jetpack_publicize_feature_enabled":true,"jetpack_social_post_already_shared":false,"jetpack_social_options":{"image_generator_settings":{"template":"highway","default_image_id":0,"font":"","enabled":false},"version":2}},"categories":[15],"tags":[698,14696,26229],"naslovna":[],"class_list":["post-932088","post","type-post","status-publish","format-standard","has-post-thumbnail","hentry","category-sport","tag-formula-1","tag-maks-ferstapen","tag-velika-nagrada-emilija-romanje"],"acf":[],"jetpack_publicize_connections":[],"_links":{"self":[{"href":"https:\/\/gradski.me\/en\/wp-json\/wp\/v2\/posts\/932088","targetHints":{"allow":["GET"]}}],"collection":[{"href":"https:\/\/gradski.me\/en\/wp-json\/wp\/v2\/posts"}],"about":[{"href":"https:\/\/gradski.me\/en\/wp-json\/wp\/v2\/types\/post"}],"author":[{"embeddable":true,"href":"https:\/\/gradski.me\/en\/wp-json\/wp\/v2\/users\/7"}],"replies":[{"embeddable":true,"href":"https:\/\/gradski.me\/en\/wp-json\/wp\/v2\/comments?post=932088"}],"version-history":[{"count":0,"href":"https:\/\/gradski.me\/en\/wp-json\/wp\/v2\/posts\/932088\/revisions"}],"wp:featuredmedia":[{"embeddable":true,"href":"https:\/\/gradski.me\/en\/wp-json\/wp\/v2\/media\/924822"}],"wp:attachment":[{"href":"https:\/\/gradski.me\/en\/wp-json\/wp\/v2\/media?parent=932088"}],"wp:term":[{"taxonomy":"category","embeddable":true,"href":"https:\/\/gradski.me\/en\/wp-json\/wp\/v2\/categories?post=932088"},{"taxonomy":"post_tag","embeddable":true,"href":"https:\/\/gradski.me\/en\/wp-json\/wp\/v2\/tags?post=932088"},{"taxonomy":"naslovna","embeddable":true,"href":"https:\/\/gradski.me\/en\/wp-json\/wp\/v2\/naslovna?post=932088"}],"curies":[{"name":"wp","href":"https:\/\/api.w.org\/{rel}","templated":true}]}}