{"id":931998,"date":"2025-05-18T08:00:00","date_gmt":"2025-05-18T06:00:00","guid":{"rendered":"https:\/\/gradski.me\/uncategorized\/belan-za-gradski-noc-na-rockstrikciji-bice-za-pamcenje\/"},"modified":"2025-05-18T08:00:00","modified_gmt":"2025-05-18T06:00:00","slug":"belan-za-gradski-noc-na-rockstrikciji-bice-za-pamcenje","status":"publish","type":"post","link":"https:\/\/gradski.me\/en\/kultura\/belan-za-gradski-noc-na-rockstrikciji-bice-za-pamcenje\/","title":{"rendered":"Belan za Gradski: No\u0107 na Rockstrikciji bi\u0107e za pam\u0107enje"},"content":{"rendered":"<p><\/p>\n\n\n\n<p>Belan je osamdesetih godina sa svojim tada\u0161njim bendom &#8220;\u0110avoli&#8220; bio izuzetno popularan u biv\u0161oj dr\u017eavi, a iza &#8220;\u0110avola&#8220; ostali su pop-rock evergrini: &#8222;Pri\u010daj mi o ljubavi&#8220;, &#8222;Stojin na kantunu&#8220;, &#8222;Dani ljubavi&#8220;, &#8222;Ostani uz mene&#8220; itd. Nakon raspada grupe Belan kre\u0107e u samostalnu karijeru i ra\u0111aju su se novi evergrini: &#8222;Sun\u010dan dan&#8220;, &#8222;Vino no\u0107i&#8220;,&#8220;Dotakni me usnama&#8220;, &#8222;Pono\u0107na zvona&#8220; itd.<\/p>\n\n\n\n<figure class=\"wp-block-image size-large\"><img decoding=\"async\" src=\"https:\/\/rtvpg.me\/wp-content\/uploads\/2025\/05\/48413136_10156934234436779_6866685784611618816_n-1024x768.jpg\" alt=\"\" class=\"wp-image-753905\" title=\"\"><figcaption class=\"wp-element-caption\">Photo: <strong>Neno Belan Page<\/strong><\/figcaption><\/figure>\n\n\n\n<p>U razgovoru za <strong>Gradski<\/strong> Belan je najavio kako publika na Rockstrikciji mo\u017ee o\u010dekivati iskrenost, emociju i punu du\u0161u na pozornici, da \u0107e dati sve od sebe i ako postoji i najmanja \u0161ansa da ve\u010de bude magi\u010dna iskoristi\u0107e je. Dakle, najavio je muzi\u010dku no\u0107 za pam\u0107enje.<\/p>\n\n\n\n<figure class=\"wp-block-image size-large\"><img decoding=\"async\" src=\"https:\/\/rtvpg.me\/wp-content\/uploads\/2025\/05\/475276457_1137525211091653_4069286948508980197_n-1024x768.jpg\" alt=\"\" class=\"wp-image-753903\" title=\"\"><figcaption class=\"wp-element-caption\">Photo: <strong>Neno Belan Page<\/strong><\/figcaption><\/figure>\n\n\n\n<p>Neno Belan je ro\u0111en 1962. godine u Splitu, sada \u017eivi u Rijeci a porijeklom iz Crne Gore. Konkretno, iz Boke, iz Tivta. Tri godine djetinjstva proveo je u Herceg-Novom, redovno dolazi, nastupa i na festivalima u Crnoj Gori, i prakti\u010dno, do\u017eivljamo ga kao svoga. <\/p>\n\n\n\n<p><strong>Gradski<\/strong>: Vuku li vas korijeni, osje\u0107ate li neke posebne emocije kad dolazite u Crnu Goru? <\/p>\n\n\n\n<p><strong>Belan<\/strong>: Naravno da osje\u0107am posebne emocije kad dolazim u Crnu Goru. To nije samo stvar geografije, to je ne\u0161to dublje \u2013 osje\u0107aj pripadnosti. Ja sam po rodjenju Spli\u0107anin, tamo sam i odrastao i odgojio se. Moja majka je sa otoka Bra\u010da, gdje sam tako\u0111er proveo dobar dio djetinjstva, ali moj pokojni otac je bio Bokelj, Hrvat iz Tivta, a kao dijete sam proveo tri va\u017ene godine u Herceg-Novom koje pamtim s nevjerojatnom toplinom. More, jezik, ljudi, ritam \u017eivota \u2013 sve mi je to jako blisko. Kad nastupam ovdje, osje\u0107am se kao kod ku\u0107e, kao da se krug zatvara. Publika to osjeti i veza postaje jo\u0161 dublja.<\/p>\n\n\n\n<figure class=\"wp-block-embed is-type-video is-provider-youtube wp-block-embed-youtube wp-embed-aspect-4-3 wp-has-aspect-ratio\"><div class=\"wp-block-embed__wrapper\">\n<iframe title=\"Neno Belan \/ \u0110avoli - \u0110IRI \u0110IRI\" width=\"800\" height=\"600\" src=\"https:\/\/www.youtube.com\/embed\/_e2aFuwBsO0?feature=oembed\" frameborder=\"0\" allow=\"accelerometer; autoplay; clipboard-write; encrypted-media; gyroscope; picture-in-picture; web-share\" referrerpolicy=\"strict-origin-when-cross-origin\" allowfullscreen><\/iframe>\n<\/div><\/figure>\n\n\n\n<p>Belan ove godine proslavlja 40. godina muzi\u010dkog rada i to su bile \u010detiri lijepe decenije razmjene pozitivnih emocija i energije s publikom. Generacije su odrasle i zaljubljivale se uz njegove pjesme od kojih su mnoge postale evergrini. Rado je vi\u0111en i priman \u0161irom biv\u0161e dr\u017eave. <\/p>\n\n\n\n<figure class=\"wp-block-image size-full\"><img decoding=\"async\" src=\"https:\/\/rtvpg.me\/wp-content\/uploads\/2025\/05\/57504386_10157197268556779_3899221725082025984_n.jpg\" alt=\"\" class=\"wp-image-753908\" title=\"\"><figcaption class=\"wp-element-caption\">Photo: <strong>Neno Belan Page<\/strong><\/figcaption><\/figure>\n\n\n\n<p><strong>Gradski<\/strong>: Siguran sam da ste prezadovoljni karijerom. Ono \u0161to me interesuje je ima li ne\u0161to sa \u010dim niste zadovoljni. Ne\u0161to \u0161to je moglo druga\u010dije, bolje mo\u017eda? <\/p>\n\n\n\n<p><strong>Belan<\/strong>: Da, stvarno su pro\u0161le \u010detiri nevjerojatne dekade. Glazba mi je dala sve \u2013 smisao, putovanje, prijateljstva, ljubav. Presretan sam \u0161to su moje pjesme prona\u0161le put do tolikih srca i generacija. No, naravno, kao i svaka karijera, bilo je i uspona i padova. Mo\u017eda bih volio da sam nekad imao vi\u0161e podr\u0161ke kad je bilo najte\u017ee, mo\u017eda sam neke stvari mogao br\u017ee shvatiti i uraditi&#8230; iako, sve ima svoje razloge, za\u0161to i zato. Sve je to dio puta, dio rasta. U kona\u010dnici, ipak ni\u0161ta ne bih mijenjao jer me sve to dovelo do ovoga gdje sam danas.<\/p>\n\n\n\n<figure class=\"wp-block-embed is-type-video is-provider-youtube wp-block-embed-youtube wp-embed-aspect-4-3 wp-has-aspect-ratio\"><div class=\"wp-block-embed__wrapper\">\n<iframe title=\"Djavoli - Ostani uz mene (Video 1988 Yugoslavia)\" width=\"800\" height=\"600\" src=\"https:\/\/www.youtube.com\/embed\/FCxjT9MV4gA?feature=oembed\" frameborder=\"0\" allow=\"accelerometer; autoplay; clipboard-write; encrypted-media; gyroscope; picture-in-picture; web-share\" referrerpolicy=\"strict-origin-when-cross-origin\" allowfullscreen><\/iframe>\n<\/div><\/figure>\n\n\n\n<p>Za dvije godine \u0107e 30. godina od kako su formirani Fiumensi. Interesantan, prakti\u010dno, jedinstven primjer globalno je da za toliko vremena niko ne ode ili do\u0111e u bend. Fiumensi su, reklo bi se, kao stijena. <\/p>\n\n\n\n<p><strong>Gradski<\/strong>: Kako su Fiumensi uspjeli da toliko vremena ostanu zajedno, znaju\u0107i da je standardna pojedina\u010dna potreba da svi &#8220;vuku na svoju stranu&#8220;? Kako se pomire suprotnosti? <\/p>\n\n\n\n<p><strong>Belan<\/strong>: To je mo\u017eda i najve\u0107i kompliment bendu \u2013 da 30 godina ostaje isti. Fiumensi su za mene vi\u0161e od suradnika, oni su mi druga obitelj. Tajna je u po\u0161tovanju i zajedni\u010dkoj viziji. Mi znamo slu\u0161ati jedni druge, a kad do\u0111e do razli\u010ditosti \u2013 ne ratujemo, nego pri\u010damo. Svi znamo za\u0161to smo tu \u2013 zbog glazbe. Kad je to u fokusu, ego se povu\u010de. To je kao brak \u2013 ako svi \u017eele da veza opstane, mora biti kompromisa, ali i ljubavi.<\/p>\n\n\n\n<figure class=\"wp-block-embed is-type-video is-provider-youtube wp-block-embed-youtube wp-embed-aspect-4-3 wp-has-aspect-ratio\"><div class=\"wp-block-embed__wrapper\">\n<iframe title=\"Neno Belan - VINO NO\u0106I\" width=\"800\" height=\"600\" src=\"https:\/\/www.youtube.com\/embed\/TugkXfgXkLM?feature=oembed\" frameborder=\"0\" allow=\"accelerometer; autoplay; clipboard-write; encrypted-media; gyroscope; picture-in-picture; web-share\" referrerpolicy=\"strict-origin-when-cross-origin\" allowfullscreen><\/iframe>\n<\/div><\/figure>\n\n\n\n<p><strong>Gradski<\/strong>: Primjetan je veliki broj dueta u va\u0161im pjesmama. Volite da razmjenjujete ideje, inspiracije, mo\u017eda je bolje re\u0107i &#8211; energije s drugim muzi\u010darima? <\/p>\n\n\n\n<p><strong>Belan<\/strong>: Apsolutno, volim duete jer volim dijeliti emociju. Svaki duet je kao nova boja u slikarskoj paleti. Kad pjevam s nekim, to nije samo glas, to je specifi\u010dna energija, i kemija izme\u0111u dviju osobnosti. Ti trenuci me \u010desto inspiriraju na nove ideje, otvore mi neka vrata koja sam mo\u017eda i zaboravio da postoje, ili ih uop\u0107e nisam ni u\u010dio do tad. Glazba je dijalog \u2013 i duet je najljep\u0161i oblik tog dijaloga.<\/p>\n\n\n\n<figure class=\"wp-block-embed is-type-video is-provider-youtube wp-block-embed-youtube wp-embed-aspect-4-3 wp-has-aspect-ratio\"><div class=\"wp-block-embed__wrapper\">\n<iframe title=\"Neno Belan &amp; Massimo - ZAR VI\u0160E NEMA NAS (official video)\" width=\"800\" height=\"600\" src=\"https:\/\/www.youtube.com\/embed\/0fKgzvabOlA?feature=oembed\" frameborder=\"0\" allow=\"accelerometer; autoplay; clipboard-write; encrypted-media; gyroscope; picture-in-picture; web-share\" referrerpolicy=\"strict-origin-when-cross-origin\" allowfullscreen><\/iframe>\n<\/div><\/figure>\n\n\n\n<p><strong>Gradski<\/strong>: Na &#8220;Rockstrikciji&#8220; je odr\u017eano dosta izuzetnih koncerata, publika o\u010dekuje mnogo i od Nena Belana. Ho\u0107e li to i dobiti? <\/p>\n\n\n\n<p><strong>Belan<\/strong>: Publika mo\u017ee o\u010dekivati iskrenost, emociju i punu du\u0161u na pozornici. Mi nikad ne kalkuliramo \u2013 uvijek dajemo sve od sebe. Ako postoji i najmanja \u0161ansa da ve\u010der bude magi\u010dna \u2013 mi \u0107emo je iskoristiti. Rockstrikcija ima svoju reputaciju, i \u010dast mi je biti dio te pri\u010de. Nadam se da \u0107emo zajedno s publikom napraviti jednu glazbenu no\u0107 za pam\u0107enje.<\/p>\n\n\n\n<figure class=\"wp-block-embed is-type-video is-provider-youtube wp-block-embed-youtube wp-embed-aspect-16-9 wp-has-aspect-ratio\"><div class=\"wp-block-embed__wrapper\">\n<iframe title=\"Neno Belan &amp; Fiumens - RIJEKA SNOVA\" width=\"800\" height=\"450\" src=\"https:\/\/www.youtube.com\/embed\/qF8CgqrkoC0?feature=oembed\" frameborder=\"0\" allow=\"accelerometer; autoplay; clipboard-write; encrypted-media; gyroscope; picture-in-picture; web-share\" referrerpolicy=\"strict-origin-when-cross-origin\" allowfullscreen><\/iframe>\n<\/div><\/figure>\n\n\n\n<p>Pi\u0161e: <strong>Dragan Lekovi\u0107<\/strong><\/p>","protected":false},"excerpt":{"rendered":"<p>Neno Belan koji slavi ove godine 40. godina muzi\u010dke karijere, sa svojim prate\u0107im bendom &#8220;Fiumens&#8220; dolazi u Podgoricu na rock festival &#8222;Rockstrikcija&#8220; koji \u0107e se odr\u017eati u periodu 06-07 jun na Stadionu malih sportova.<\/p>","protected":false},"author":1,"featured_media":931999,"comment_status":"open","ping_status":"open","sticky":false,"template":"","format":"standard","meta":{"_acf_changed":false,"footnotes":"","jetpack_publicize_message":"","jetpack_publicize_feature_enabled":true,"jetpack_social_post_already_shared":false,"jetpack_social_options":{"image_generator_settings":{"template":"highway","default_image_id":0,"font":"","enabled":false},"version":2}},"categories":[11],"tags":[24222,21411,23274],"naslovna":[],"class_list":["post-931998","post","type-post","status-publish","format-standard","has-post-thumbnail","hentry","category-kultura","tag-gradski-portal","tag-neno-belan","tag-rockstrikcija"],"acf":[],"jetpack_publicize_connections":[],"_links":{"self":[{"href":"https:\/\/gradski.me\/en\/wp-json\/wp\/v2\/posts\/931998","targetHints":{"allow":["GET"]}}],"collection":[{"href":"https:\/\/gradski.me\/en\/wp-json\/wp\/v2\/posts"}],"about":[{"href":"https:\/\/gradski.me\/en\/wp-json\/wp\/v2\/types\/post"}],"author":[{"embeddable":true,"href":"https:\/\/gradski.me\/en\/wp-json\/wp\/v2\/users\/1"}],"replies":[{"embeddable":true,"href":"https:\/\/gradski.me\/en\/wp-json\/wp\/v2\/comments?post=931998"}],"version-history":[{"count":0,"href":"https:\/\/gradski.me\/en\/wp-json\/wp\/v2\/posts\/931998\/revisions"}],"wp:featuredmedia":[{"embeddable":true,"href":"https:\/\/gradski.me\/en\/wp-json\/wp\/v2\/media\/931999"}],"wp:attachment":[{"href":"https:\/\/gradski.me\/en\/wp-json\/wp\/v2\/media?parent=931998"}],"wp:term":[{"taxonomy":"category","embeddable":true,"href":"https:\/\/gradski.me\/en\/wp-json\/wp\/v2\/categories?post=931998"},{"taxonomy":"post_tag","embeddable":true,"href":"https:\/\/gradski.me\/en\/wp-json\/wp\/v2\/tags?post=931998"},{"taxonomy":"naslovna","embeddable":true,"href":"https:\/\/gradski.me\/en\/wp-json\/wp\/v2\/naslovna?post=931998"}],"curies":[{"name":"wp","href":"https:\/\/api.w.org\/{rel}","templated":true}]}}