{"id":931995,"date":"2025-05-18T06:19:00","date_gmt":"2025-05-18T04:19:00","guid":{"rendered":"https:\/\/gradski.me\/uncategorized\/bivsi-radnici-beranske-fabrike-koze-polimka-19-godina-cekaju-pravdu-obecane-otpremnine-ostale-nedosanjan-san\/"},"modified":"2025-05-18T06:19:00","modified_gmt":"2025-05-18T04:19:00","slug":"bivsi-radnici-beranske-fabrike-koze-polimka-19-godina-cekaju-pravdu-obecane-otpremnine-ostale-nedosanjan-san","status":"publish","type":"post","link":"https:\/\/gradski.me\/en\/ekonomija\/bivsi-radnici-beranske-fabrike-koze-polimka-19-godina-cekaju-pravdu-obecane-otpremnine-ostale-nedosanjan-san\/","title":{"rendered":"Biv\u0161i radnici beranske fabrike ko\u017ee \u201ePolimka\u201c 19 godina \u010dekaju pravdu: Obe\u0107ane otpremnine ostale nedosanjan san"},"content":{"rendered":"<p><\/p>\n\n\n\n<pre class=\"wp-block-code\"><code><\/code><\/pre>\n\n\n\n<p>Biv\u0161i radnici nekada\u0161nje fabrike ko\u017ee Polimka iz Berana ni nakon 19 godina nijesu uspjeli da naplate otpremnine koje su im, kako tvrde, obe\u0107ane socijalnim programom Vlade Crne Gore nakon uvo\u0111enja ste\u010daja 2006. godine.<\/p>\n\n\n\n<p>Iako je bilo predvi\u0111eno da im se isplati izme\u0111u 500 i 700 eura po godini radnog sta\u017ea, radnici ka\u017eu da su dobili tek simboli\u010dan iznos, dok se dr\u017eava oglu\u0161ila o njihove brojne zahtjeve i sudske postupke.<\/p>\n\n\n\n<p>\u2013 Ostali smo bez posla u najboljim godinama, upu\u0107eni na biro uz obe\u0107anja da \u0107emo uz pomo\u0107 otpremnina pokrenuti sopstveni biznis. Umjesto toga, prevareni smo i ostavljeni bez ikakve podr\u0161ke \u2013 isti\u010de Du\u0161an Velji\u0107, nekada\u0161nji predstavnik radnika.<\/p>\n\n\n\n<p>On dodaje da su poku\u0161aji da pravdu potra\u017ee na sudu bili bezuspje\u0161ni.<\/p>\n\n\n\n<p>\u2013 Proveli smo godine i potro\u0161ili novac dokazuju\u0107i svoja prava, ali je sud stao na stranu onih koji su nas o\u0161tetili. Za sud nijesu bili dovoljni na\u0161i orginalni dokazi da je dr\u017eava du\u017ena da nam isplati tra\u017eeni novac.Bolno je i to \u0161to su mnoge na\u0161e kolege u me\u0111uvremenu preminule, a da nikada nijesu do\u010dekali pravdu \u2013 ka\u017ee Velji\u0107<\/p>\n\n\n\n<p>Biv\u0161i zaposleni isti\u010du da ni nakon politi\u010dkih promjena u zemlji nije do\u0161lo do pomaka. Nadali su se, ka\u017eu, da \u0107e nova vlast imati sluha za radni\u010dka pitanja, ali je odgovor i dalje izostao.<\/p>\n\n\n\n<p>Fabriku Polimka je 2006. godine za samo 1.000 eura kupila slovena\u010dka kompanija \u201eKoro\u0161ki\u201c, ali je ugovor raskinut ve\u0107 nakon dvije godine, kada je stotinu radnika ostalo bez posla. Uslijedio je novi tender i prodaja preduze\u0107u Kips, koje je u jednom dijelu objekta otvorilo tr\u017eni centar. Isto je zavr\u0161ilo i sa pogonima u Andrijevici, koji su u najboljim godinama zapo\u0161ljavali 200 radnika.<\/p>\n\n\n\n<p>Biv\u0161i radnici tvrde da je prava \u0161teta \u0161to je sa privatizacijom Polimke u nepovrat oti\u0161la kompanija \u010diji su proizvodi bili prepoznatljivi i na evropskom tr\u017ei\u0161tu.<\/p>\n\n\n\n<p>\u2013 Mo\u0107nici su prigrabili njenu milionsku imovinu, a tu\u017eila\u0161tvo okretalo glavu od nezakonitih radnji koje su pratile privatizacione postupke i nepo\u0161tovanje socijalnog programa za biv\u0161e zaposlene \u2013 naveli su radnici.<\/p>\n\n\n\n<p>Dodaju da su zahtjevali reviziju privatizacije, ali je sve ostalo bez odgovora, zata\u0161kano i pokriveno velom tajne. Iako isti\u010du da su iscrpljeni i demoralisani, oni poru\u010duju da ne\u0107e prestati da se bore za svoja prava i dostojanstven kraj radnog vijeka koji su proveli grade\u0107i jednu od nekada\u0161njih industrijskih okosnica sjevera.<\/p>","protected":false},"excerpt":{"rendered":"<p>Biv\u0161i radnici nekada\u0161nje fabrike ko\u017ee Polimka iz Berana ni nakon 19 godina nijesu uspjeli da naplate otpremnine koje su im, kako tvrde, obe\u0107ane socijalnim programom Vlade Crne Gore nakon uvo\u0111enja ste\u010daja 2006. godine. Iako je bilo predvi\u0111eno da im se isplati izme\u0111u 500 i 700 eura po godini radnog sta\u017ea, radnici ka\u017eu da su dobili [&hellip;]<\/p>\n","protected":false},"author":5,"featured_media":923034,"comment_status":"open","ping_status":"open","sticky":false,"template":"","format":"standard","meta":{"_acf_changed":false,"footnotes":"","jetpack_publicize_message":"","jetpack_publicize_feature_enabled":true,"jetpack_social_post_already_shared":false,"jetpack_social_options":{"image_generator_settings":{"template":"highway","default_image_id":0,"font":"","enabled":false},"version":2}},"categories":[8],"tags":[8781,3423,5604],"naslovna":[],"class_list":["post-931995","post","type-post","status-publish","format-standard","has-post-thumbnail","hentry","category-ekonomija","tag-polimka","tag-radnici","tag-stecaj-2"],"acf":[],"jetpack_publicize_connections":[],"_links":{"self":[{"href":"https:\/\/gradski.me\/en\/wp-json\/wp\/v2\/posts\/931995","targetHints":{"allow":["GET"]}}],"collection":[{"href":"https:\/\/gradski.me\/en\/wp-json\/wp\/v2\/posts"}],"about":[{"href":"https:\/\/gradski.me\/en\/wp-json\/wp\/v2\/types\/post"}],"author":[{"embeddable":true,"href":"https:\/\/gradski.me\/en\/wp-json\/wp\/v2\/users\/5"}],"replies":[{"embeddable":true,"href":"https:\/\/gradski.me\/en\/wp-json\/wp\/v2\/comments?post=931995"}],"version-history":[{"count":0,"href":"https:\/\/gradski.me\/en\/wp-json\/wp\/v2\/posts\/931995\/revisions"}],"wp:featuredmedia":[{"embeddable":true,"href":"https:\/\/gradski.me\/en\/wp-json\/wp\/v2\/media\/923034"}],"wp:attachment":[{"href":"https:\/\/gradski.me\/en\/wp-json\/wp\/v2\/media?parent=931995"}],"wp:term":[{"taxonomy":"category","embeddable":true,"href":"https:\/\/gradski.me\/en\/wp-json\/wp\/v2\/categories?post=931995"},{"taxonomy":"post_tag","embeddable":true,"href":"https:\/\/gradski.me\/en\/wp-json\/wp\/v2\/tags?post=931995"},{"taxonomy":"naslovna","embeddable":true,"href":"https:\/\/gradski.me\/en\/wp-json\/wp\/v2\/naslovna?post=931995"}],"curies":[{"name":"wp","href":"https:\/\/api.w.org\/{rel}","templated":true}]}}