{"id":931945,"date":"2025-05-17T18:31:25","date_gmt":"2025-05-17T16:31:25","guid":{"rendered":"https:\/\/gradski.me\/uncategorized\/pjastriju-pol-pozicija-u-imoli\/"},"modified":"2025-05-17T18:31:25","modified_gmt":"2025-05-17T16:31:25","slug":"pjastriju-pol-pozicija-u-imoli","status":"publish","type":"post","link":"https:\/\/gradski.me\/en\/sport\/pjastriju-pol-pozicija-u-imoli\/","title":{"rendered":"Pjastriju pol pozicija u Imoli"},"content":{"rendered":"<p>Australijanac je do tre\u0107e pol pozicije u karijeri do\u0161ao krugom od minut, 14 sekundi i 67,0 stotinki.<\/p>\n\n\n\n<p>Pjastri, koji u Imoli juri \u010detvrtu uzastopnu pobjedu, za 34 hiljaditinke bio je br\u017ei od Maksa Ferstapena u bolidu Red Bula.<\/p>\n\n\n\n<p>Iz drugog reda, sa tre\u0107eg i \u010detvrtog mjesta, startova\u0107e voza\u010d Mercedesa D\u017eord\u017e Rasel i Lando Noris u Meklarenu.<\/p>\n\n\n\n<p>Kao petoplasirani zavr\u0161io je Fernando Alonso, dok je \u0161esto vrijeme u kvalifikacijama imao Karlos Sains.<\/p>\n\n\n\n<p>Podbacili su voza\u010di Ferarija \u0160arl Lekler i Luis Hamilton, koji su imali 11, odnosno 12. vrijeme.<\/p>\n\n\n\n<p>Kvalifikacije je obilje\u017eilo izlijetanje sa staze voza\u010da Red Bula Jukija Cunode, koji je prevrnuo bolid, ali je pro\u0161ao bez povreda.<\/p>\n\n\n\n<p>Trka za Veliku nagradu Emilije Romanje na programu je sjutra u 15 sati.<\/p>","protected":false},"excerpt":{"rendered":"<p>Voza\u010d Meklarena Oskar Pjastri startova\u0107e sa pol pozicije u sedmoj trci ovogodi\u0161njeg \u0161ampionata Formule 1, koja \u0107e za Veliku nagradu Emilije Romanje biti vo\u017eena na stazi \u201cEnco i Dino Ferari\u201d u Imoli.<\/p>","protected":false},"author":7,"featured_media":931946,"comment_status":"open","ping_status":"open","sticky":false,"template":"","format":"standard","meta":{"_acf_changed":false,"footnotes":"","jetpack_publicize_message":"","jetpack_publicize_feature_enabled":true,"jetpack_social_post_already_shared":false,"jetpack_social_options":{"image_generator_settings":{"template":"highway","default_image_id":0,"font":"","enabled":false},"version":2}},"categories":[15],"tags":[698,4722,26229],"naslovna":[],"class_list":["post-931945","post","type-post","status-publish","format-standard","has-post-thumbnail","hentry","category-sport","tag-formula-1","tag-oskar-pjastri","tag-velika-nagrada-emilija-romanje"],"acf":[],"jetpack_publicize_connections":[],"_links":{"self":[{"href":"https:\/\/gradski.me\/en\/wp-json\/wp\/v2\/posts\/931945","targetHints":{"allow":["GET"]}}],"collection":[{"href":"https:\/\/gradski.me\/en\/wp-json\/wp\/v2\/posts"}],"about":[{"href":"https:\/\/gradski.me\/en\/wp-json\/wp\/v2\/types\/post"}],"author":[{"embeddable":true,"href":"https:\/\/gradski.me\/en\/wp-json\/wp\/v2\/users\/7"}],"replies":[{"embeddable":true,"href":"https:\/\/gradski.me\/en\/wp-json\/wp\/v2\/comments?post=931945"}],"version-history":[{"count":0,"href":"https:\/\/gradski.me\/en\/wp-json\/wp\/v2\/posts\/931945\/revisions"}],"wp:featuredmedia":[{"embeddable":true,"href":"https:\/\/gradski.me\/en\/wp-json\/wp\/v2\/media\/931946"}],"wp:attachment":[{"href":"https:\/\/gradski.me\/en\/wp-json\/wp\/v2\/media?parent=931945"}],"wp:term":[{"taxonomy":"category","embeddable":true,"href":"https:\/\/gradski.me\/en\/wp-json\/wp\/v2\/categories?post=931945"},{"taxonomy":"post_tag","embeddable":true,"href":"https:\/\/gradski.me\/en\/wp-json\/wp\/v2\/tags?post=931945"},{"taxonomy":"naslovna","embeddable":true,"href":"https:\/\/gradski.me\/en\/wp-json\/wp\/v2\/naslovna?post=931945"}],"curies":[{"name":"wp","href":"https:\/\/api.w.org\/{rel}","templated":true}]}}