{"id":931924,"date":"2025-05-17T17:14:00","date_gmt":"2025-05-17T15:14:00","guid":{"rendered":"https:\/\/gradski.me\/uncategorized\/andjusic-gradicemo-omladinski-centar-mjesne-zajednice-drac-beri-krusi-i-1-maj-dobice-sopstvene-prostorije\/"},"modified":"2025-05-17T17:14:00","modified_gmt":"2025-05-17T15:14:00","slug":"andjusic-gradicemo-omladinski-centar-mjesne-zajednice-drac-beri-krusi-i-1-maj-dobice-sopstvene-prostorije","status":"publish","type":"post","link":"https:\/\/gradski.me\/en\/podgorica\/andjusic-gradicemo-omladinski-centar-mjesne-zajednice-drac-beri-krusi-i-1-maj-dobice-sopstvene-prostorije\/","title":{"rendered":"An\u0111u\u0161i\u0107: Gradi\u0107emo Omladinski centar, mjesne zajednice Dra\u010d, Beri, Krusi i 1. maj dobi\u0107e sopstvene prostorije"},"content":{"rendered":"<p><\/p>\n\n\n\n<p>Mjesne zajednice Dra\u010d, Beri, Krusi i 1. maj dobi\u0107e sopstvene prostorije u narednih 5 godina, predvi\u0111eno je strate\u0161kim planom razvoja Podgorice, ka\u017eu u nadle\u017enom Sekretarijatu. Predlo\u017eili su da svi objekti gradske uprave budu prilago\u0111eni osobama slabije pokretljivosti.<\/p>\n\n\n\n<p><\/p>\n\n\n\n<p> &#8220;Odjeljenje za gra\u0111anska stanja funkcioni\u0161e u \u0161alter Sali GG na adresi Njego\u0161eva 20 i vidite da u \u0161alter sali, koja je jedno od najprometnijih mjesta \u0161to se ti\u010de stranaka obzirom da su tu \u0161alteri svih organa, da ovaj objekat nije prilago\u0111en i da ne postoji pristup za dje\u010dija kolica i rampa za invalide&#8220;, kazala je Sla\u0111ana An\u0111u\u0161i\u0107, sekretarka za lokalnu samoupravu i saradnju sa civilnim dru\u0161tvom.<\/p>\n\n\n\n<p>Izgradnja i adaptacija objekta za multifunkcionalni omladinski centar, prema standardima Savjeta Evrope, jo\u0161 je jedan prijedlog sekretarijata, isti\u010de An\u0111u\u0161i\u0107 \u2013 dodaje da se ti\u010de i kandidature Podgorice za Evropsku prijestonicu mladih 2028.<\/p>\n\n\n\n<p>&#8222;Ono na \u010demu mi radimo jeste infrastruktura koja \u0107e ostati nakon ove kandidature, kao i prilike za brojnim me\u0111unarodnim projektima, koje ve\u0107 imamo sada kao grad kandidata, vjerujem da \u0107e oni biti mnogo brojniji. Tu je i kongres Evropskog omladinskog foruma, u svakom slu\u010daju ovo je jedna potpuno sinhronizovana pri\u010da sa nacionalnim nivoom&#8220;, ka\u017ee An\u0111u\u0161i\u0107. <\/p>\n\n\n\n<p>Glavni grad je u\u0161ao u drugi krug finala, a ukoliko dobije titulu Evropske prijestonice za 2028-u godinu, to \u0107e zna\u010dajno doprinijeti pobolj\u0161anju polo\u017eaja omladine u Podgorici, zaklju\u010dila je An\u0111u\u0161i\u0107.<\/p>","protected":false},"excerpt":{"rendered":"<p>Sekreterijat za lokalnu samoupravu i saradnju sa civilnim dru\u0161tvom Glavnog grada predlo\u017eio je da mjesne zajednice, koje ih nemaju, dobiju svoje prostorije. To je predvi\u0111eno petogodi\u0161njim strate\u0161kim planom razvoja, \u010dija je izrada u toku, kao i gradnja omladinskog centra koji se, poru\u010duju iz Sekretarijata, ti\u010de i kandidature Podgorice za Evropsku prijestonicu mladih 2028.<\/p>","protected":false},"author":5,"featured_media":930568,"comment_status":"open","ping_status":"open","sticky":false,"template":"","format":"standard","meta":{"_acf_changed":false,"footnotes":"","jetpack_publicize_message":"","jetpack_publicize_feature_enabled":true,"jetpack_social_post_already_shared":false,"jetpack_social_options":{"image_generator_settings":{"template":"highway","default_image_id":0,"font":"","enabled":false},"version":2}},"categories":[6],"tags":[4273,26220],"naslovna":[],"class_list":["post-931924","post","type-post","status-publish","format-standard","has-post-thumbnail","hentry","category-podgorica","tag-mjesne-zajednice","tag-prostorije"],"acf":[],"jetpack_publicize_connections":[],"_links":{"self":[{"href":"https:\/\/gradski.me\/en\/wp-json\/wp\/v2\/posts\/931924","targetHints":{"allow":["GET"]}}],"collection":[{"href":"https:\/\/gradski.me\/en\/wp-json\/wp\/v2\/posts"}],"about":[{"href":"https:\/\/gradski.me\/en\/wp-json\/wp\/v2\/types\/post"}],"author":[{"embeddable":true,"href":"https:\/\/gradski.me\/en\/wp-json\/wp\/v2\/users\/5"}],"replies":[{"embeddable":true,"href":"https:\/\/gradski.me\/en\/wp-json\/wp\/v2\/comments?post=931924"}],"version-history":[{"count":0,"href":"https:\/\/gradski.me\/en\/wp-json\/wp\/v2\/posts\/931924\/revisions"}],"wp:featuredmedia":[{"embeddable":true,"href":"https:\/\/gradski.me\/en\/wp-json\/wp\/v2\/media\/930568"}],"wp:attachment":[{"href":"https:\/\/gradski.me\/en\/wp-json\/wp\/v2\/media?parent=931924"}],"wp:term":[{"taxonomy":"category","embeddable":true,"href":"https:\/\/gradski.me\/en\/wp-json\/wp\/v2\/categories?post=931924"},{"taxonomy":"post_tag","embeddable":true,"href":"https:\/\/gradski.me\/en\/wp-json\/wp\/v2\/tags?post=931924"},{"taxonomy":"naslovna","embeddable":true,"href":"https:\/\/gradski.me\/en\/wp-json\/wp\/v2\/naslovna?post=931924"}],"curies":[{"name":"wp","href":"https:\/\/api.w.org\/{rel}","templated":true}]}}