{"id":931889,"date":"2025-05-17T14:09:09","date_gmt":"2025-05-17T12:09:09","guid":{"rendered":"https:\/\/gradski.me\/uncategorized\/jpu-djina-vrbica-ucestvovala-u-programu-u-ritmu-muzeja\/"},"modified":"2025-05-17T14:09:09","modified_gmt":"2025-05-17T12:09:09","slug":"jpu-djina-vrbica-ucestvovala-u-programu-u-ritmu-muzeja","status":"publish","type":"post","link":"https:\/\/gradski.me\/en\/kultura\/jpu-djina-vrbica-ucestvovala-u-programu-u-ritmu-muzeja\/","title":{"rendered":"JPU &#8222;\u0110ina Vrbica&#8220; u\u010destvovala u programu \u201cU ritmu muzeja\u201d"},"content":{"rendered":"<h2 class=\"wp-block-heading\"><\/h2>\n\n\n\n<p><\/p>\n\n\n\n<p><strong>Direktorica JPU &#8222;\u0110ina Vrbica&#8220;, Bojana Razi\u0107, iz<\/strong>razila je zahvalnost na pozivu i ukazanoj prilici za u\u010de\u0161\u0107e, ukazuju\u0107i na zna\u010daj dugogodi\u0161nje saradnje sa JU \u201cMuzeji i galerije\u201d.<\/p>\n\n\n\n<p>Ona je najavila i nastavak realizacije projekta \u201eU carstvu muzeja\u201c, koji se ve\u0107 \u010detvrtu godinu uspje\u0161no sprovodi na osnovu Memoranduma o saradnji, obuhvativ\u0161i do sada vi\u0161e od pet hiljada djece.<\/p>\n\n\n\n<p><strong>Koordinatorka projekta, Dejana Prelevi\u0107,<\/strong> istakla je zna\u010daj u\u010de\u0161\u0107a djece iz vaspitne jedinice \u201cStara Varo\u0161\u201d, nazivaju\u0107i ih \u201csjajnim zvjezdicama\u201d.<\/p>\n\n\n\n<p>&#8222;Zajedno sa svojim vaspita\u010dicama, Ninom i Sanjom, mali\u0161ani su izveli popularni ske\u010d \u201cVukota\u201d, koji je izazvao veliko odu\u0161evljenje publike. Ovom prilikom zahvaljujem i roditeljima, koji su, kao i uvijek, va\u017eni partneri u realizaciji ovog programa i \u010dija podr\u0161ka je neprocjenjiva&#8220;, istakla je Prelevi\u0107.<\/p>\n\n\n\n<p>Zahvaljuju\u0107i ovom projektu, djeca iz starijih vaspitnih grupa imaju priliku da obi\u0111u stalnu postavku Etnografske izlo\u017ebe i upoznaju se sa na\u010dinom \u017eivota stare Podgorice, \u010dime se sadr\u017eajno nadovezuju na tematske cjeline predstavljene u izvo\u0111enju ske\u010da.<\/p>\n\n\n\n<p>Iz JPU &#8216;\u0110ina Vrbica&#8217; zahvalili su se svima koji su doprinijeli realizaciji i uspjehu ovog doga\u0111aja, sa \u017eeljom da djeca iz teustanove ponesu najljep\u0161e uspomene i vrijedna znanja iz ovog nezaboravnog iskustva<\/p>\n\n\n\n<p><\/p>","protected":false},"excerpt":{"rendered":"<p>Javna pred\u0161kolska ustanova (JPU) &#8222;\u0110ina Vrbica&#8220; u\u010destvovala je u programu \u201cU ritmu muzeja\u201d izvedbom ske\u010da pod nazivom \u201e\u017deni nam se Vukota\u201c povodom proslave Svjetskog dana muzeja, koju organizuje JU \u201cMuzeji i galerije Podgorice\u201d.<\/p>","protected":false},"author":5,"featured_media":931890,"comment_status":"open","ping_status":"open","sticky":false,"template":"","format":"standard","meta":{"_acf_changed":false,"footnotes":"","jetpack_publicize_message":"","jetpack_publicize_feature_enabled":true,"jetpack_social_post_already_shared":false,"jetpack_social_options":{"image_generator_settings":{"template":"highway","default_image_id":0,"font":"","enabled":false},"version":2}},"categories":[11],"tags":[9542,26208],"naslovna":[],"class_list":["post-931889","post","type-post","status-publish","format-standard","has-post-thumbnail","hentry","category-kultura","tag-jpu-djina-vrbica","tag-ritam-muzeja"],"acf":[],"jetpack_publicize_connections":[],"_links":{"self":[{"href":"https:\/\/gradski.me\/en\/wp-json\/wp\/v2\/posts\/931889","targetHints":{"allow":["GET"]}}],"collection":[{"href":"https:\/\/gradski.me\/en\/wp-json\/wp\/v2\/posts"}],"about":[{"href":"https:\/\/gradski.me\/en\/wp-json\/wp\/v2\/types\/post"}],"author":[{"embeddable":true,"href":"https:\/\/gradski.me\/en\/wp-json\/wp\/v2\/users\/5"}],"replies":[{"embeddable":true,"href":"https:\/\/gradski.me\/en\/wp-json\/wp\/v2\/comments?post=931889"}],"version-history":[{"count":0,"href":"https:\/\/gradski.me\/en\/wp-json\/wp\/v2\/posts\/931889\/revisions"}],"wp:featuredmedia":[{"embeddable":true,"href":"https:\/\/gradski.me\/en\/wp-json\/wp\/v2\/media\/931890"}],"wp:attachment":[{"href":"https:\/\/gradski.me\/en\/wp-json\/wp\/v2\/media?parent=931889"}],"wp:term":[{"taxonomy":"category","embeddable":true,"href":"https:\/\/gradski.me\/en\/wp-json\/wp\/v2\/categories?post=931889"},{"taxonomy":"post_tag","embeddable":true,"href":"https:\/\/gradski.me\/en\/wp-json\/wp\/v2\/tags?post=931889"},{"taxonomy":"naslovna","embeddable":true,"href":"https:\/\/gradski.me\/en\/wp-json\/wp\/v2\/naslovna?post=931889"}],"curies":[{"name":"wp","href":"https:\/\/api.w.org\/{rel}","templated":true}]}}