{"id":931750,"date":"2025-05-16T18:25:00","date_gmt":"2025-05-16T16:25:00","guid":{"rendered":"https:\/\/gradski.me\/uncategorized\/osmoro-djece-iz-sarajeva-otrovano-hranom-na-skolskom-izletu-nekoliko-njih-je-zavrsilo-u-bolnici\/"},"modified":"2025-05-16T18:25:00","modified_gmt":"2025-05-16T16:25:00","slug":"osmoro-djece-iz-sarajeva-otrovano-hranom-na-skolskom-izletu-nekoliko-njih-je-zavrsilo-u-bolnici","status":"publish","type":"post","link":"https:\/\/gradski.me\/en\/region\/osmoro-djece-iz-sarajeva-otrovano-hranom-na-skolskom-izletu-nekoliko-njih-je-zavrsilo-u-bolnici\/","title":{"rendered":"Osmoro djece iz Sarajeva otrovano hranom na \u0161kolskom izletu, nekoliko njih je zavr\u0161ilo u bolnici"},"content":{"rendered":"<p><\/p>\n\n\n\n<p>Identitet roditelja kao ni naziv \u0161kole ne\u0107emo otkriti zbog za\u0161tite podataka.<\/p>\n\n\n\n<p>Redakciji Klix.ba su se obratili roditelji djece koji sumnjaju da su se njihova djeca zarazila zbog hrane iz hotela &#8222;Ada&#8220; iz Blagaja.<\/p>\n\n\n\n<p>U\u010denici su 12. maja stigli u Blagaj te su ru\u010dali u ovom hotelu meso i pomfrit, a roditelji sumnjaju da je meso bilo kontaminirano.<\/p>\n\n\n\n<p>Sljede\u0107i dan, u\u010diteljica je zvala roditelje jer su neka od djece po\u010dela povra\u0107ati te su dobili proliv.<\/p>\n\n\n\n<p>Oni su bili te\u0161ko dehidrirani od intenzivnog povra\u0107anja i vi\u0161estrukih proliva tokom no\u0107i 13. na 14. maj \u0161to se nastavilo i narednog dana. Zatim su transportovani i hospitalizovani u SKB Mostar gdje im je pru\u017eena medicinska pomo\u0107.<\/p>\n\n\n\n<p>Kako su nam roditelji pojasnili, u bolnici im je re\u010deno da se radilo o bakterijskom trovanju hranom, odnosno alimentarnoj intoksikaciji.<\/p>\n\n\n\n<p>Proteklih godina su, prema nezvani\u010dnim saznanjima roditelja, zabilje\u017eeni sli\u010dni slu\u010dajevi jer je u ovom hotelu boravilo dosta u\u010denika iz \u0161kola Kantona Sarajevo.<\/p>\n\n\n\n<p>Sagovornici Klix.ba napominju kako su njihova djeca sladoled u slasti\u010darnoj &#8222;Bosfor&#8220; u Stocu, ali su im doktori u mostarskoj bolnici rekli da sumnjaju da je rije\u010d o trovanju mesom zbog klini\u010dke slike koju su pacijenti imali.<\/p>\n\n\n\n<p><\/p>","protected":false},"excerpt":{"rendered":"<p>Osmoro djece osnovne \u0161kole u Sarajevu, koji su prethodnih dana boravili na \u0161kolskom izletu u Blagaju, dobili su simptome trovanja te su neki od njih i hospitalizovani.<\/p>","protected":false},"author":1,"featured_media":931751,"comment_status":"open","ping_status":"open","sticky":false,"template":"","format":"standard","meta":{"_acf_changed":false,"footnotes":"","jetpack_publicize_message":"","jetpack_publicize_feature_enabled":true,"jetpack_social_post_already_shared":false,"jetpack_social_options":{"image_generator_settings":{"template":"highway","default_image_id":0,"font":"","enabled":false},"version":2}},"categories":[13],"tags":[8828,26160,765,26161,26162],"naslovna":[],"class_list":["post-931750","post","type-post","status-publish","format-standard","has-post-thumbnail","hentry","category-region","tag-bolnica","tag-osmoro-djece","tag-sarajevo","tag-skolski-izlet","tag-trovanje-hranom"],"acf":[],"jetpack_publicize_connections":[],"_links":{"self":[{"href":"https:\/\/gradski.me\/en\/wp-json\/wp\/v2\/posts\/931750","targetHints":{"allow":["GET"]}}],"collection":[{"href":"https:\/\/gradski.me\/en\/wp-json\/wp\/v2\/posts"}],"about":[{"href":"https:\/\/gradski.me\/en\/wp-json\/wp\/v2\/types\/post"}],"author":[{"embeddable":true,"href":"https:\/\/gradski.me\/en\/wp-json\/wp\/v2\/users\/1"}],"replies":[{"embeddable":true,"href":"https:\/\/gradski.me\/en\/wp-json\/wp\/v2\/comments?post=931750"}],"version-history":[{"count":0,"href":"https:\/\/gradski.me\/en\/wp-json\/wp\/v2\/posts\/931750\/revisions"}],"wp:featuredmedia":[{"embeddable":true,"href":"https:\/\/gradski.me\/en\/wp-json\/wp\/v2\/media\/931751"}],"wp:attachment":[{"href":"https:\/\/gradski.me\/en\/wp-json\/wp\/v2\/media?parent=931750"}],"wp:term":[{"taxonomy":"category","embeddable":true,"href":"https:\/\/gradski.me\/en\/wp-json\/wp\/v2\/categories?post=931750"},{"taxonomy":"post_tag","embeddable":true,"href":"https:\/\/gradski.me\/en\/wp-json\/wp\/v2\/tags?post=931750"},{"taxonomy":"naslovna","embeddable":true,"href":"https:\/\/gradski.me\/en\/wp-json\/wp\/v2\/naslovna?post=931750"}],"curies":[{"name":"wp","href":"https:\/\/api.w.org\/{rel}","templated":true}]}}