{"id":931518,"date":"2025-05-15T16:22:19","date_gmt":"2025-05-15T14:22:19","guid":{"rendered":"https:\/\/gradski.me\/uncategorized\/masic-infrastruktura-je-alat-za-povezivanje-i-ravnomjeran-razvoj-crne-gore\/"},"modified":"2025-05-15T16:22:19","modified_gmt":"2025-05-15T14:22:19","slug":"masic-infrastruktura-je-alat-za-povezivanje-i-ravnomjeran-razvoj-crne-gore","status":"publish","type":"post","link":"https:\/\/gradski.me\/en\/ekonomija\/masic-infrastruktura-je-alat-za-povezivanje-i-ravnomjeran-razvoj-crne-gore\/","title":{"rendered":"Ma\u0161i\u0107: Infrastruktura je alat za povezivanje i ravnomjeran razvoj Crne Gore\u00a0\u00a0"},"content":{"rendered":"<p>Vr\u0161ilac du\u017enosti generalnog direktora Direktorata za dr\u017eavne puteve u Ministarstvu saobra\u0107aja Crne Gore Miroslav Ma\u0161i\u0107 govorio je na RE:D konferenciji (Real Estate Developmenta) koja se danas i sutra odr\u017eava u Podgorici.<\/p>\n\n\n\n<p>Ma\u0161i\u0107 je na prvom panelu rekao da se prioriteti za razvoj putne infrastrukture odre\u0111uju na osnovu kombinovanih tehni\u010dkih, dru\u0161tvenih i ekonomskih faktora.<\/p>\n\n\n\n<p>\u201eU procesu planiranja oslanjamo se na strate\u0161ke dokumente, analize bezbjednosti, kapacitete saobra\u0107ajnica, ekonomske isplativosti i uticaja na regionalni razvoj, kao i na inpute lokalnih samouprava\u201c, kazao je Ma\u0161i\u0107 i dodao je da postoji institucionalni prostor za uskla\u0111ivanje sa investicionim planovima privatnog sektora kroz prostorno &#8211; urbanisti\u010dke dokumente koji defini\u0161u razvojne pravce. Naglasio je zna\u010daj projekata na sjeveru Crne Gore kao \u0161to su izgradnja dionice autoputa Mate\u0161evo\u2013Andrijevica, rekonstrukcija puteva Berane \u2013 Bijelo Polje, Berane \u2013 Ro\u017eaje i veza sa grani\u010dnim prelazima.\u00a0<\/p>\n\n\n\n<p>-Ovi projekti ne samo da pobolj\u0161avaju mobilnost, ve\u0107 otvaraju prostor za turizam, poljoprivredu i lokalni biznis\u201c, rekao je Ma\u0161i\u0107. i istakao da razvoj infrastrukture mora biti balansiran. <\/p>\n\n\n\n<p>-Kapitalni projekti su va\u017eni, ali moraju imati lokalni odraz. Lokalna zajednica je temelj odr\u017eivog dru\u0161tveno-ekonomskog napretka\u201c, poru\u010dio je Ma\u0161i\u0107. Naveo je da se Programom izgradnje, rekonstrukcije i odr\u017eavanja dr\u017eavnih puteva za 2025. predvi\u0111a oko 70 projekata ukupne vrijednosti preko 72 miliona eura, uklju\u010duju\u0107i 323 km regionalnih i magistralnih saobra\u0107ajnica., istakao je Ma\u0161i\u0107.<\/p>","protected":false},"excerpt":{"rendered":"<p>On je naglasio zna\u010daj projekata na sjeveru Crne Gore kao \u0161to su izgradnja dionice autoputa Mate\u0161evo\u2013Andrijevica, rekonstrukcija puteva Berane \u2013 Bijelo Polje, Berane \u2013 Ro\u017eaje i veza sa grani\u010dnim prelazima.\u00a0<\/p>","protected":false},"author":4,"featured_media":914945,"comment_status":"open","ping_status":"open","sticky":false,"template":"","format":"standard","meta":{"_acf_changed":false,"footnotes":"","jetpack_publicize_message":"","jetpack_publicize_feature_enabled":true,"jetpack_social_post_already_shared":false,"jetpack_social_options":{"image_generator_settings":{"template":"highway","default_image_id":0,"font":"","enabled":false},"version":2}},"categories":[8],"tags":[484,14836],"naslovna":[],"class_list":["post-931518","post","type-post","status-publish","format-standard","has-post-thumbnail","hentry","category-ekonomija","tag-ministarstvo-saobracaja","tag-miroslav-masic"],"acf":[],"jetpack_publicize_connections":[],"_links":{"self":[{"href":"https:\/\/gradski.me\/en\/wp-json\/wp\/v2\/posts\/931518","targetHints":{"allow":["GET"]}}],"collection":[{"href":"https:\/\/gradski.me\/en\/wp-json\/wp\/v2\/posts"}],"about":[{"href":"https:\/\/gradski.me\/en\/wp-json\/wp\/v2\/types\/post"}],"author":[{"embeddable":true,"href":"https:\/\/gradski.me\/en\/wp-json\/wp\/v2\/users\/4"}],"replies":[{"embeddable":true,"href":"https:\/\/gradski.me\/en\/wp-json\/wp\/v2\/comments?post=931518"}],"version-history":[{"count":0,"href":"https:\/\/gradski.me\/en\/wp-json\/wp\/v2\/posts\/931518\/revisions"}],"wp:featuredmedia":[{"embeddable":true,"href":"https:\/\/gradski.me\/en\/wp-json\/wp\/v2\/media\/914945"}],"wp:attachment":[{"href":"https:\/\/gradski.me\/en\/wp-json\/wp\/v2\/media?parent=931518"}],"wp:term":[{"taxonomy":"category","embeddable":true,"href":"https:\/\/gradski.me\/en\/wp-json\/wp\/v2\/categories?post=931518"},{"taxonomy":"post_tag","embeddable":true,"href":"https:\/\/gradski.me\/en\/wp-json\/wp\/v2\/tags?post=931518"},{"taxonomy":"naslovna","embeddable":true,"href":"https:\/\/gradski.me\/en\/wp-json\/wp\/v2\/naslovna?post=931518"}],"curies":[{"name":"wp","href":"https:\/\/api.w.org\/{rel}","templated":true}]}}