{"id":931506,"date":"2025-05-15T16:32:00","date_gmt":"2025-05-15T14:32:00","guid":{"rendered":"https:\/\/gradski.me\/uncategorized\/odrzan-zavjetni-dan-u-perastu-bez-gadjanja-kokota\/"},"modified":"2025-05-15T16:32:00","modified_gmt":"2025-05-15T14:32:00","slug":"odrzan-zavjetni-dan-u-perastu-bez-gadjanja-kokota","status":"publish","type":"post","link":"https:\/\/gradski.me\/en\/kultura\/odrzan-zavjetni-dan-u-perastu-bez-gadjanja-kokota\/","title":{"rendered":"Odr\u017ean Zavjetni dan u Perastu- bez ga\u0111anja kokota"},"content":{"rendered":"<p>Zavjetni dan u Perastu danas i ove godine obilje\u017een bez centralne manifestacije \u2013 ga\u0111anja kokota, saop\u0161tili su iz Dru\u0161tva prijatelja grada Perasta. Podsje\u0107aju da se \u010din ga\u0111anja \u017eivog kokota ne odr\u017eava od 2019. godine, nakon primjedbi koje je uputila NVO Udru\u017eenje za za\u0161titu \u017eivotinja \u201cKorina\u201d.<\/p>\n\n\n\n<p>-Program je po\u010deo u 17 sati kada su  Gradska muzika Kotor i Bokeljska mornarica defileom pro\u0161li gradom. Delegacija Mornarice je na mjesnom groblju polo\u017eila cvije\u0107e na spomenik biv\u0161eg admirala pok. Vladislava Brajkovi\u0107a, a potom je na pjaci ispred Crkve Svetog Nikole odigrano Bokeljsko kolo. Sveta misa je u 18 sati. Iz organizacije ka\u017eu da se Zavjetni dan obilje\u017e, jer smo du\u017eni prema precima od kojih smo to primili u naslije\u0111e\u201d, kazala nam je Brainovi\u0107 i podsjetila da se sve\u010danost Zavjetni dan odr\u017eava svakog 15. maja u \u010dast hrabre odbrane Perasta od Turaka 1654. godine.<\/p>","protected":false},"excerpt":{"rendered":"<p>Zavjetni dan se odr\u017eava svakog 15. maja u \u010dast hrabre odbrane Perasta od Turaka 1654. godine.<\/p>","protected":false},"author":4,"featured_media":931507,"comment_status":"open","ping_status":"open","sticky":false,"template":"","format":"standard","meta":{"_acf_changed":false,"footnotes":"","jetpack_publicize_message":"","jetpack_publicize_feature_enabled":true,"jetpack_social_post_already_shared":false,"jetpack_social_options":{"image_generator_settings":{"template":"highway","default_image_id":0,"font":"","enabled":false},"version":2}},"categories":[11],"tags":[26082,5810,26083],"naslovna":[],"class_list":["post-931506","post","type-post","status-publish","format-standard","has-post-thumbnail","hentry","category-kultura","tag-gadjanje-kokota","tag-perast","tag-zavjetni-dan"],"acf":[],"jetpack_publicize_connections":[],"_links":{"self":[{"href":"https:\/\/gradski.me\/en\/wp-json\/wp\/v2\/posts\/931506","targetHints":{"allow":["GET"]}}],"collection":[{"href":"https:\/\/gradski.me\/en\/wp-json\/wp\/v2\/posts"}],"about":[{"href":"https:\/\/gradski.me\/en\/wp-json\/wp\/v2\/types\/post"}],"author":[{"embeddable":true,"href":"https:\/\/gradski.me\/en\/wp-json\/wp\/v2\/users\/4"}],"replies":[{"embeddable":true,"href":"https:\/\/gradski.me\/en\/wp-json\/wp\/v2\/comments?post=931506"}],"version-history":[{"count":0,"href":"https:\/\/gradski.me\/en\/wp-json\/wp\/v2\/posts\/931506\/revisions"}],"wp:featuredmedia":[{"embeddable":true,"href":"https:\/\/gradski.me\/en\/wp-json\/wp\/v2\/media\/931507"}],"wp:attachment":[{"href":"https:\/\/gradski.me\/en\/wp-json\/wp\/v2\/media?parent=931506"}],"wp:term":[{"taxonomy":"category","embeddable":true,"href":"https:\/\/gradski.me\/en\/wp-json\/wp\/v2\/categories?post=931506"},{"taxonomy":"post_tag","embeddable":true,"href":"https:\/\/gradski.me\/en\/wp-json\/wp\/v2\/tags?post=931506"},{"taxonomy":"naslovna","embeddable":true,"href":"https:\/\/gradski.me\/en\/wp-json\/wp\/v2\/naslovna?post=931506"}],"curies":[{"name":"wp","href":"https:\/\/api.w.org\/{rel}","templated":true}]}}