{"id":931496,"date":"2025-05-15T15:14:00","date_gmt":"2025-05-15T13:14:00","guid":{"rendered":"https:\/\/gradski.me\/uncategorized\/djinovic-u-polufinalu-turnira-u-parizu\/"},"modified":"2025-05-15T15:14:00","modified_gmt":"2025-05-15T13:14:00","slug":"djinovic-u-polufinalu-turnira-u-parizu","status":"publish","type":"post","link":"https:\/\/gradski.me\/en\/sport\/djinovic-u-polufinalu-turnira-u-parizu\/","title":{"rendered":"\u0110inovi\u0107 u polufinalu turnira u Parizu"},"content":{"rendered":"<p>\u010clan BK Zlati\u010danin je u \u010detvrtfinalu kategorije do 60 kilograma pobijedio, jednoglasnom odlukom sudija Italijana Brajana Abatan\u0111ela.<\/p>\n\n\n\n<p>Rival \u0110inovi\u0107u u polufinalu bi\u0107e doma\u0107i bokser, Francuz Lis Belhasel, koji je bio slobodan na startu turnira i voljom \u017ereba direktno se plasirao me\u0111u \u010detiri najbolja borca kategorije do 60 kilograma.<\/p>\n\n\n\n<p>-Veoma sam zadovoljan kako je \u0110inovi\u0107 otvorio turnir. Iako se vidjelo da je u po\u010detku bio malo stegnut, vjerovatno od puta, ipak je uspio da prona\u0111e svoj ritam kad je bilo najpotrebnije. Pokazao je mentalnu snagu i stabilnost, \u0161to je izuzetno va\u017eno na ovakvim turnirima. Nadam se da \u0107e u narednim me\u010devima biti jo\u0161 opu\u0161teniji, jer znamo koliko mo\u017ee kada je potpuno rastere\u0107en. Vjerujem da \u0107e iz me\u010da u me\u010d rasti i pokazati svoj puni potencijal, rekao je selektor Nikola Ru\u017ei\u0107. <\/p>\n\n\n\n<p>Pored \u0110inovi\u0107a, sjutra \u0107e u ring i Bojana Gojkovi\u0107, koja \u0107e se u polufinalu kategorije do 57 kilograma boriti protiv tako\u0111e doma\u0107e bokserke Lucije Pauliak.<\/p>\n\n\n\n<p>-Od Bojane i Tomislava danas o\u010dekujem borbene nastupe, dobru prezentaciju na\u0161eg boksa i, naravno pobjede. Svaki ovakav me\u010d je prilika za napredak i razvoj, i sigurni smo da \u0107e na\u0161i takmi\u010dari dostojno predstavljati Crnu Goru, rekao je Nikola Ru\u017ei\u0107.<\/p>\n\n\n\n<p>Ina\u010de, turnir u sportskoj dvorani \u201cRoger Ouvrard\u201d okupio je bokserke i boksere iz 14 zemalja: doma\u0107ina Francuske, Italije, Portugala, \u0160panije, Maroka, Meksika, Njema\u010dke, \u0160vajcarske, Belgije, Kanade, Brazila, Srbije, Sjeverne Makedonije i naravno Crne Gore.<\/p>","protected":false},"excerpt":{"rendered":"<p>Crnogorski bokserski reprezentativac Tomislav-Bato Djinovi\u0107 uspje\u0161no je startovao na presti\u017enom me\u0111unarodnom turniru \u201cLes Ceintures\u201d, koji se odr\u017eava u predgra\u0111u Pariza, u gradu Argenteuil.<\/p>","protected":false},"author":7,"featured_media":931497,"comment_status":"open","ping_status":"open","sticky":false,"template":"","format":"standard","meta":{"_acf_changed":false,"footnotes":"","jetpack_publicize_message":"","jetpack_publicize_feature_enabled":true,"jetpack_social_post_already_shared":false,"jetpack_social_options":{"image_generator_settings":{"template":"highway","default_image_id":0,"font":"","enabled":false},"version":2}},"categories":[15],"tags":[25981,194,5571,195],"naslovna":[],"class_list":["post-931496","post","type-post","status-publish","format-standard","has-post-thumbnail","hentry","category-sport","tag-les-ceintures","tag-boks","tag-bscg","tag-tomislav-djinovic"],"acf":[],"jetpack_publicize_connections":[],"_links":{"self":[{"href":"https:\/\/gradski.me\/en\/wp-json\/wp\/v2\/posts\/931496","targetHints":{"allow":["GET"]}}],"collection":[{"href":"https:\/\/gradski.me\/en\/wp-json\/wp\/v2\/posts"}],"about":[{"href":"https:\/\/gradski.me\/en\/wp-json\/wp\/v2\/types\/post"}],"author":[{"embeddable":true,"href":"https:\/\/gradski.me\/en\/wp-json\/wp\/v2\/users\/7"}],"replies":[{"embeddable":true,"href":"https:\/\/gradski.me\/en\/wp-json\/wp\/v2\/comments?post=931496"}],"version-history":[{"count":0,"href":"https:\/\/gradski.me\/en\/wp-json\/wp\/v2\/posts\/931496\/revisions"}],"wp:featuredmedia":[{"embeddable":true,"href":"https:\/\/gradski.me\/en\/wp-json\/wp\/v2\/media\/931497"}],"wp:attachment":[{"href":"https:\/\/gradski.me\/en\/wp-json\/wp\/v2\/media?parent=931496"}],"wp:term":[{"taxonomy":"category","embeddable":true,"href":"https:\/\/gradski.me\/en\/wp-json\/wp\/v2\/categories?post=931496"},{"taxonomy":"post_tag","embeddable":true,"href":"https:\/\/gradski.me\/en\/wp-json\/wp\/v2\/tags?post=931496"},{"taxonomy":"naslovna","embeddable":true,"href":"https:\/\/gradski.me\/en\/wp-json\/wp\/v2\/naslovna?post=931496"}],"curies":[{"name":"wp","href":"https:\/\/api.w.org\/{rel}","templated":true}]}}