{"id":931446,"date":"2025-05-15T14:56:00","date_gmt":"2025-05-15T12:56:00","guid":{"rendered":"https:\/\/gradski.me\/uncategorized\/dobro-jutro-podgorice-koje-su-prednosti-i-mane-zivota-u-centru-glavnog-grada-i-sta-gradjanima-nedostaje\/"},"modified":"2025-05-15T14:56:00","modified_gmt":"2025-05-15T12:56:00","slug":"dobro-jutro-podgorice-koje-su-prednosti-i-mane-zivota-u-centru-glavnog-grada-i-sta-gradjanima-nedostaje","status":"publish","type":"post","link":"https:\/\/gradski.me\/en\/drustvo\/dobro-jutro-podgorice-koje-su-prednosti-i-mane-zivota-u-centru-glavnog-grada-i-sta-gradjanima-nedostaje\/","title":{"rendered":"Dobro jutro, Podgorice: Koje su prednosti i mane \u017eivota u centru Glavnog grada i \u0161ta gra\u0111anima nedostaje"},"content":{"rendered":"<p><\/p>\n\n\n\n<p>Za \u201eTemu jutra\u201c odabrali smo \u017eivot u centru Podgorice. Koje su prednosti i mane \u017eivota u centru Glavnog grada, \u0161ta nedostaje mje\u0161tanima tog dijela Podgorice, za\u0161to je bolje \u017eivjeti u centru grada nego u prigradskim naseljima \u2013 ovo je tek dio pitanja koja \u0107emo otvoriti u razgovoru sa predstavnikom mje\u0161tana Mjesne zajednice Nova varo\u0161&nbsp;<strong>Vukom Pejovi\u0107em<\/strong>.<\/p>\n\n\n\n<p>Akademsko kulturno-umjetni\u010dko dru\u0161tvo \u201eMirko Srzenti\u0107\u201c iz Podgorice, odr\u017ea\u0107e koncert 19. maja na Trgu nezavisnosti. Nastup u Podgorici, prvi je u nizu doga\u0111aja kojima \u0107e, kako isti\u010du, zapo\u010deti godinu pro\u017eetu igrom, pjesmom i zahvalno\u0161\u0107u prema tradiciji i nasle\u0111u koja traje ve\u0107 60 godina. U goste nam tim povodom dolaze&nbsp;<strong>Sara Savkovi\u0107<\/strong>&nbsp;&#8211; \u010dlanica Prvog ansambla i&nbsp;<strong>Elena Ostoji\u0107<\/strong>&nbsp;&#8211; \u010dlanica B omladinskog ansambla.<\/p>\n\n\n\n<p>PR Nacionalne turisti\u010dke organizacije Crne Gore&nbsp;<strong>Milena Vujovi\u0107<\/strong>, u na\u0161em jutarnjem programu govori\u0107e o razvoju Crne Gore kao destinacije za poslovna putovanja i predstaviti \u010detiri mjere NTO usmjerene na promociju destinacije i unapre\u0111enje konkurentnosti. Sa na\u0161om go\u0161\u0107om razgovara\u0107emo i o turisti\u010dkoj ponudi Crne Gore i njenog glavnog grada za ljeto 2025.<\/p>\n\n\n\n<p>Institut sertifikovanih ra\u010dunovo\u0111a Crne Gore (ISRCG) organizuje X Me\u0111unarodni simpozijum ra\u010dunovo\u0111a i revizora Crne Gore u Ulcinju od 29. do 31. maja. O ovom doga\u0111aju, govori\u0107e prof. dr&nbsp;<strong>Vinko Niki\u0107<\/strong>&nbsp;predsjednik UO Instituta sertifikovanih ra\u010dunovo\u0111a.<\/p>\n\n\n\n<p>Donosimo pri\u010du o jednom od najstarijih parkova u Podgorici \u2013 Kara\u0111or\u0111evom. Predstavljamo program Porodica festa koji \u0107e biti odr\u017ean 17. maja na Kru\u0161evcu, kao i line-up Garden festa koji \u0107e istog dana biti odr\u017ean na Stadionu malih sportova. O koncepciji Porodica festa govori\u0107e&nbsp;<strong>Lepa \u017dunji\u0107<\/strong>&nbsp;iz Udru\u017eenja Roditelji koje organizuje ovu manifestaciju, dok \u0107e program Garden festa predstaviti PR&nbsp;<strong>Milena Stamena<\/strong>.<\/p>\n\n\n\n<p>U saradnji sa Auto &#8211; moto savezom Crne Gore provjeravamo stanje na putevima i grani\u010dnim prelazima.<\/p>\n\n\n\n<p>Urednica Gradskog radija&nbsp;<strong>Tamara Radonji\u0107<\/strong>&nbsp;priprema servisne informacije iz Glavnog grada i najave kulturnih de\u0161avanja u Podgorici za petak i dane vikenda. Ona \u0107e vas obradovati i hitom jutra!<\/p>\n\n\n\n<p>Prelistavamo naslove sa na\u0161eg portala&nbsp;<a href=\"http:\/\/gradski.me\/en\/\">gradski.me<\/a>, a ta\u010dno u osam, gledamo Vijesti, koje vodi i ure\u0111uje&nbsp;<strong>Svetlana Erakovi\u0107<\/strong>.<\/p>\n\n\n\n<p>Za najmla\u0111e gledaoce imamo crtani film \u201cUki\u201d, a za ljubitelje sporta, aktuelnosti sa crnogorske i me\u0111unarodne sportske scene.<\/p>\n\n\n\n<p>Jutarnji program na Gradskoj po\u010dinje lijepom vije\u0161\u0107u, a u petak \u201eDobro jutro, Podgorice\u201c vodi i ure\u0111uje&nbsp;<strong>Branko Vukelic<\/strong>. Topics live from the field, covered by a reporter&nbsp;<strong>Nikola Radovic<\/strong>.<\/p>\n\n\n\n<p>Gledajte &#8222;Dobro jutro, Podgorice&#8220; svakog radnog dana od 7:00!<\/p>","protected":false},"excerpt":{"rendered":"<p>Da vam jutro protekne uz zanimljive, korisne i aktuelne teme, birajte \u201eDobro jutro, Podgorice\u201c svakog radnog dana od 07:00! Radnu sedmicu zaokru\u017eujemo uz dobru energiju kako u studiju, tako i na terenu.<\/p>","protected":false},"author":8,"featured_media":915352,"comment_status":"open","ping_status":"open","sticky":false,"template":"","format":"standard","meta":{"_acf_changed":false,"footnotes":"","jetpack_publicize_message":"","jetpack_publicize_feature_enabled":true,"jetpack_social_post_already_shared":false,"jetpack_social_options":{"image_generator_settings":{"template":"highway","default_image_id":0,"font":"","enabled":false},"version":2}},"categories":[9],"tags":[7965,7344],"naslovna":[],"class_list":["post-931446","post","type-post","status-publish","format-standard","has-post-thumbnail","hentry","category-drustvo","tag-branko","tag-jutarnji"],"acf":[],"jetpack_publicize_connections":[],"_links":{"self":[{"href":"https:\/\/gradski.me\/en\/wp-json\/wp\/v2\/posts\/931446","targetHints":{"allow":["GET"]}}],"collection":[{"href":"https:\/\/gradski.me\/en\/wp-json\/wp\/v2\/posts"}],"about":[{"href":"https:\/\/gradski.me\/en\/wp-json\/wp\/v2\/types\/post"}],"author":[{"embeddable":true,"href":"https:\/\/gradski.me\/en\/wp-json\/wp\/v2\/users\/8"}],"replies":[{"embeddable":true,"href":"https:\/\/gradski.me\/en\/wp-json\/wp\/v2\/comments?post=931446"}],"version-history":[{"count":0,"href":"https:\/\/gradski.me\/en\/wp-json\/wp\/v2\/posts\/931446\/revisions"}],"wp:featuredmedia":[{"embeddable":true,"href":"https:\/\/gradski.me\/en\/wp-json\/wp\/v2\/media\/915352"}],"wp:attachment":[{"href":"https:\/\/gradski.me\/en\/wp-json\/wp\/v2\/media?parent=931446"}],"wp:term":[{"taxonomy":"category","embeddable":true,"href":"https:\/\/gradski.me\/en\/wp-json\/wp\/v2\/categories?post=931446"},{"taxonomy":"post_tag","embeddable":true,"href":"https:\/\/gradski.me\/en\/wp-json\/wp\/v2\/tags?post=931446"},{"taxonomy":"naslovna","embeddable":true,"href":"https:\/\/gradski.me\/en\/wp-json\/wp\/v2\/naslovna?post=931446"}],"curies":[{"name":"wp","href":"https:\/\/api.w.org\/{rel}","templated":true}]}}