{"id":931387,"date":"2025-05-15T09:31:39","date_gmt":"2025-05-15T07:31:39","guid":{"rendered":"https:\/\/gradski.me\/uncategorized\/krivicne-prijave-protiv-zaposlenih-u-upravi-za-sume-osumnjiceni-da-su-omogucili-bespravnu-sjecu-i-ostetili-budzet-za-oko-36-000-eura\/"},"modified":"2025-05-15T09:31:39","modified_gmt":"2025-05-15T07:31:39","slug":"krivicne-prijave-protiv-zaposlenih-u-upravi-za-sume-osumnjiceni-da-su-omogucili-bespravnu-sjecu-i-ostetili-budzet-za-oko-36-000-eura","status":"publish","type":"post","link":"https:\/\/gradski.me\/en\/hronika\/krivicne-prijave-protiv-zaposlenih-u-upravi-za-sume-osumnjiceni-da-su-omogucili-bespravnu-sjecu-i-ostetili-budzet-za-oko-36-000-eura\/","title":{"rendered":"Krivi\u010dne prijave protiv zaposlenih u Upravi za \u0161ume: Osumnji\u010deni da su omogu\u0107ili bespravnu sje\u010du i o\u0161tetili bud\u017eet za oko 36.000 eura"},"content":{"rendered":"<p><\/p>\n\n\n\n<p>\u201cSlu\u017ebenici Odjeljenja bezbjednosti Berane su, u nastavku sprovo\u0111enja aktivnosti na suzbijanju krivi\u010dnih djela iz oblasti ekolo\u0161kog kriminala \u2013 bespravnih aktivnosti u \u0161umarstvu i tzv. \u201epusto\u0161enju \u0161uma\u201c, gdje su detektovani i oblici koruptivnog djelovanja \u2013 a koji su definisani kao nacionalni prioriteti, Osnovnom dr\u017eavnom tu\u017eila\u0161tvu u Beranama podnijeli krivi\u010dne prijave protiv lica P.V. i S.\u0106, zbog sumnje da su po\u010dinili krivi\u010dna djela zloupotreba slu\u017ebenog polo\u017eaja\u201d, navedeno je u saop\u0161tenju policije.<\/p>\n\n\n\n<p>Sumnja se da su P.V. kao zaposleni na radnom mjestu rukovodioca Podru\u010dne jedinice Andrijevica u Upravi za \u0161ume i S.\u0106. kao zaposleni na radnom mjestu lugara, u vremenskom periodu od februara do novembra 2023. godine, koriste\u0107i svoj slu\u017ebeni polo\u017eaj, nepoznatom licu ili vi\u0161e njih omogu\u0107ili bespravnu sje\u010du u rejonu Pi\u0161evska rijeka.<\/p>\n\n\n\n<p>\u201cUtvr\u0111eno je da je na pomenutom rejonu bespravno posje\u010dno 218 stabala molike, smr\u010de i jele, ukupne bruto mase 297,93 m3 i 30 stabala bukve ukupne bruto mase 52.60 m3, \u010dime su Upravi za \u0161ume pri\u010dinili materijalnu \u0161tetu u iznosu od 35.841 eura\u201d, naveli su iz policije.<\/p>","protected":false},"excerpt":{"rendered":"<p>Zbog sumnje da su tokom 2023. goine omogu\u010dili bespravnu sje\u010du u rejonu Pi\u0161evska rijeka, protiv rukovodioca Podru\u010dne jedinice Andrijevica u Upravi za \u0161ume\u00a0P.V.\u00a0i zaposlenog na poziciji lugara S.\u0106. podnijete su krivi\u010dne prijave, saop\u0161tila je Uprava policije (UP).<\/p>","protected":false},"author":8,"featured_media":923118,"comment_status":"open","ping_status":"open","sticky":false,"template":"","format":"standard","meta":{"_acf_changed":false,"footnotes":"","jetpack_publicize_message":"","jetpack_publicize_feature_enabled":true,"jetpack_social_post_already_shared":false,"jetpack_social_options":{"image_generator_settings":{"template":"highway","default_image_id":0,"font":"","enabled":false},"version":2}},"categories":[10],"tags":[2953,109],"naslovna":[],"class_list":["post-931387","post","type-post","status-publish","format-standard","has-post-thumbnail","hentry","category-hronika","tag-suma","tag-uprava-policije"],"acf":[],"jetpack_publicize_connections":[],"_links":{"self":[{"href":"https:\/\/gradski.me\/en\/wp-json\/wp\/v2\/posts\/931387","targetHints":{"allow":["GET"]}}],"collection":[{"href":"https:\/\/gradski.me\/en\/wp-json\/wp\/v2\/posts"}],"about":[{"href":"https:\/\/gradski.me\/en\/wp-json\/wp\/v2\/types\/post"}],"author":[{"embeddable":true,"href":"https:\/\/gradski.me\/en\/wp-json\/wp\/v2\/users\/8"}],"replies":[{"embeddable":true,"href":"https:\/\/gradski.me\/en\/wp-json\/wp\/v2\/comments?post=931387"}],"version-history":[{"count":0,"href":"https:\/\/gradski.me\/en\/wp-json\/wp\/v2\/posts\/931387\/revisions"}],"wp:featuredmedia":[{"embeddable":true,"href":"https:\/\/gradski.me\/en\/wp-json\/wp\/v2\/media\/923118"}],"wp:attachment":[{"href":"https:\/\/gradski.me\/en\/wp-json\/wp\/v2\/media?parent=931387"}],"wp:term":[{"taxonomy":"category","embeddable":true,"href":"https:\/\/gradski.me\/en\/wp-json\/wp\/v2\/categories?post=931387"},{"taxonomy":"post_tag","embeddable":true,"href":"https:\/\/gradski.me\/en\/wp-json\/wp\/v2\/tags?post=931387"},{"taxonomy":"naslovna","embeddable":true,"href":"https:\/\/gradski.me\/en\/wp-json\/wp\/v2\/naslovna?post=931387"}],"curies":[{"name":"wp","href":"https:\/\/api.w.org\/{rel}","templated":true}]}}