{"id":931172,"date":"2025-05-14T11:43:00","date_gmt":"2025-05-14T09:43:00","guid":{"rendered":"https:\/\/gradski.me\/uncategorized\/unija-poslodavaca-crne-gore-apeluje-na-ukidanje-zabrane-rada-nedjeljom\/"},"modified":"2025-05-14T11:43:00","modified_gmt":"2025-05-14T09:43:00","slug":"unija-poslodavaca-crne-gore-apeluje-na-ukidanje-zabrane-rada-nedjeljom","status":"publish","type":"post","link":"https:\/\/gradski.me\/en\/ekonomija\/unija-poslodavaca-crne-gore-apeluje-na-ukidanje-zabrane-rada-nedjeljom\/","title":{"rendered":"Unija poslodavaca Crne Gore apeluje na ukidanje zabrane rada nedjeljom"},"content":{"rendered":"<p><\/p>\n\n\n\n<p>&#8222;Apelujemo da se ukidanje neradne nedjelje ne do\u017eivljava kao prijetnja radnicima, ve\u0107 kao nu\u017ena mjera koja bi doprinijela odgovornijem i realnijem funkcionisanju tr\u017ei\u0161ta, razvoju turizma i unapre\u0111enju poslovnog ambijenta&#8220;, navode iz Unije poslodavaca Crne Gore.<\/p>\n\n\n\n<p>Va\u017eno je, kako ka\u017ee, naglasiti da ni prije usvajanja ove zabrane ve\u0107ina trgovina u Crnoj Gori nije radila nedjeljom, niti bi u budu\u0107nosti bila obavezna da radi.<\/p>\n\n\n\n<p>&#8222;Odluka bi bila prepu\u0161tena samim poslodavcima, koji bi u skladu sa svojim poslovnim procjenama mogli odlu\u010diti da li se rad nedjeljom isplati. To se prvenstveno odnosi na butike, prodavnice prehrambenih proizvoda i druge sektore koji bilje\u017ee ve\u0107i promet tokom vikenda, naro\u010dito u zimskim i ljetnjim turisti\u010dkim sezonama&#8220;, kazali su iz UPCG.<\/p>\n\n\n\n<p>Unija poslodavaca Crne Gore je kroz dug i odgovoran proces pregovora, u okviru Socijalnog savjeta, zajedno sa Sindikatom i predstavnicima Vlade, uspjela da, kako navode, do\u0111e do modela koji je usagla\u0161en u interesu i radnika i poslodavaca.<\/p>\n\n\n\n<p>&#8222;Posebno nagla\u0161avamo da je ovaj prijedlog prethodno dobio saglasnost \u010dak dva ministra ekonomije u prethodnim vladama, \u0161to potvr\u0111uje da je rije\u010d o dobro promi\u0161ljenom i \u0161iroko prihva\u0107enom kompromisu. Model predvi\u0111a da se prava zaposlenih za\u0161tite kroz pove\u0107anu dnevnicu od 80% za rad nedjeljom i obavezni slobodan dan u toku naredne sedmice, dok se istovremeno poslodavcima ostavlja mogu\u0107nost da, na osnovu realnih tr\u017ei\u0161nih potreba i poslovne ra\u010dunice, odlu\u010de da li \u0107e raditi nedjeljom, naro\u010dito u vrijeme poja\u010danih potro\u0161a\u010dkih aktivnosti u ljetnjoj i zimskoj turisti\u010dkoj sezoni. Ovaj model bi Crnu Goru u\u010dinio atraktivnijom i dostupnijom turistima, uz po\u0161tovanje radnih prava. Ipak, postignuti dogovor socijalnih partnera ignorisan je od strane poslanika svih parlamentarnih partija, koji nisu podr\u017eali interes ni privrede ni zaposlenih, koje zapravo i zastupaju. Ignorisanje dogovora postignutog na Socijalnom savjetu, samo po sebi predstavlja svojevrstan presendan i dokaz da politi\u010dari imaju svoje ciljeve koji se ne moraju poklopiti sa ciljevima privrede i zaposlenih u njoj&#8220;, saop\u0161teno je iz Unije poslodavaca.<\/p>\n\n\n\n<p>Isti\u010du da se na\u0161a zemlja ve\u0107 suo\u010dava sa ozbiljnim izazovima: ograni\u010denom dostupno\u0161\u0107u, slabom avio povezano\u0161\u0107u, zastarjelom saobra\u0107ajnom infrastrukturom i nedovoljno efikasnim komunalnim uslugama.<\/p>\n\n\n\n<p>&#8222;Zabrana rada nedjeljom samo doprinosi zatvaranju Crne Gore i u sopstvenim granicama, \u0161to dodatno naru\u0161ava sliku Crne Gore kao otvorene i turistima pristupa\u010dne destinacije. Uz 52 neradne nedjelje i najmanje 16 dana dr\u017eavnih i vjerskih praznika, trgovinama \u0107e u ovoj godini biti onemogu\u0107en rad najmanje 68 dana. To prema stavu Unije, predstavlja svojevrsno ograni\u010denje poslovne aktivnosti poslovnim subjektima i ograni\u010davanje slobode privre\u0111ivanja ovih subjekata ali i diskriminaciju u odnosu na sve ostale privredne grane koje nemaju takvu vrstu ograni\u010denja.crnogorsku privredu, naro\u010dito u kontekstu poja\u010dane konkurencije drugih mediteranskih zemalja koje su omogu\u0107ile rad trgovina nedjeljom bez ograni\u010denja ili bar u toku turisti\u010dke sezone&#8220;, navode iz UPCG.<\/p>\n\n\n\n<p>Unija poslodavaca Crne Gore poziva na dijalog sve nadle\u017ene organe i institucije &#8222;kako bi smo zajedno na\u0161li najbolje rje\u0161enje i postigli balans izme\u0111u za\u0161tite prava zaposlenih i omogu\u0107avanja normalnog funkcionisanja tr\u017ei\u0161ta, o\u010duvanja radnih mjesta i ja\u010danja konkurentnosti Crne Gore kao jedne od vode\u0107ih turisti\u010dkih destinacija regiona&#8220;.<\/p>","protected":false},"excerpt":{"rendered":"<p>Unija poslodavaca Crne Gore (UPCG) jo\u0161 jednom javno apeluje na Vladu Crne Gore i sve politi\u010dke aktere da sa razumijevanjem i bez predrasuda sagledaju potrebu izmjene Zakona o unutra\u0161njoj trgovini, kojim se od 2019. godine zabranjuje rad trgovina na veliko i malo nedjeljom i tokom praznika.<\/p>","protected":false},"author":1,"featured_media":931173,"comment_status":"open","ping_status":"open","sticky":false,"template":"","format":"standard","meta":{"_acf_changed":false,"footnotes":"","jetpack_publicize_message":"","jetpack_publicize_feature_enabled":true,"jetpack_social_post_already_shared":false,"jetpack_social_options":{"image_generator_settings":{"template":"highway","default_image_id":0,"font":"","enabled":false},"version":2}},"categories":[8],"tags":[18003,18772],"naslovna":[],"class_list":["post-931172","post","type-post","status-publish","format-standard","has-post-thumbnail","hentry","category-ekonomija","tag-rad-nedjeljom","tag-unija-poslodavaca-crne-gore"],"acf":[],"jetpack_publicize_connections":[],"_links":{"self":[{"href":"https:\/\/gradski.me\/en\/wp-json\/wp\/v2\/posts\/931172","targetHints":{"allow":["GET"]}}],"collection":[{"href":"https:\/\/gradski.me\/en\/wp-json\/wp\/v2\/posts"}],"about":[{"href":"https:\/\/gradski.me\/en\/wp-json\/wp\/v2\/types\/post"}],"author":[{"embeddable":true,"href":"https:\/\/gradski.me\/en\/wp-json\/wp\/v2\/users\/1"}],"replies":[{"embeddable":true,"href":"https:\/\/gradski.me\/en\/wp-json\/wp\/v2\/comments?post=931172"}],"version-history":[{"count":0,"href":"https:\/\/gradski.me\/en\/wp-json\/wp\/v2\/posts\/931172\/revisions"}],"wp:featuredmedia":[{"embeddable":true,"href":"https:\/\/gradski.me\/en\/wp-json\/wp\/v2\/media\/931173"}],"wp:attachment":[{"href":"https:\/\/gradski.me\/en\/wp-json\/wp\/v2\/media?parent=931172"}],"wp:term":[{"taxonomy":"category","embeddable":true,"href":"https:\/\/gradski.me\/en\/wp-json\/wp\/v2\/categories?post=931172"},{"taxonomy":"post_tag","embeddable":true,"href":"https:\/\/gradski.me\/en\/wp-json\/wp\/v2\/tags?post=931172"},{"taxonomy":"naslovna","embeddable":true,"href":"https:\/\/gradski.me\/en\/wp-json\/wp\/v2\/naslovna?post=931172"}],"curies":[{"name":"wp","href":"https:\/\/api.w.org\/{rel}","templated":true}]}}