{"id":931158,"date":"2025-05-14T10:25:00","date_gmt":"2025-05-14T08:25:00","guid":{"rendered":"https:\/\/gradski.me\/uncategorized\/krivicna-prijava-protiv-tri-maloljetnika-napali-i-opljackali-stranog-drzavljanina\/"},"modified":"2025-05-14T10:25:00","modified_gmt":"2025-05-14T08:25:00","slug":"krivicna-prijava-protiv-tri-maloljetnika-napali-i-opljackali-stranog-drzavljanina","status":"publish","type":"post","link":"https:\/\/gradski.me\/en\/hronika\/krivicna-prijava-protiv-tri-maloljetnika-napali-i-opljackali-stranog-drzavljanina\/","title":{"rendered":"Krivi\u010dna prijava protiv tri maloljetnika, napali i oplja\u010dkali stranog dr\u017eavljanina"},"content":{"rendered":"<p><\/p>\n\n\n\n<p>Naime, postupaju\u0107i po prijavi policijski slu\u017ebenici su, nakon sprovedene kriminalisti\u010dke obrade i preduzetih operativnih mjera i radnji, identifikovali i prona\u0161li tri maloljetne osobe iz Podgorice, starosti 15, 16 i 17 godina, za koje se sumnja da su izvr\u0161ili pomenuto krivi\u010dno djelo.<\/p>\n\n\n\n<p>&#8222;Oni su, kako se sumnja, 12.5.2025. godine, u kasnim ve\u010dernjim satima, u centru Podgorice, fizi\u010dki napali o\u0161te\u0107eno lice i od njega otu\u0111ili novac u iznosu od oko 1.650 eura, mobilni telefon, putno osiguranje i tri bankovne kartice&#8220;, kazali su iz Uprave policije.<\/p>\n\n\n\n<p>Od stvari koje su otu\u0111ene od o\u0161te\u0107enog lica, policijski slu\u017ebenici su na dvije lokacije u Podgorici prona\u0161li mobilni telefon i bankovne kartice, koji \u0107e biti vra\u0107eni vlasniku.<\/p>\n\n\n\n<p>&#8222;O doga\u0111aju je upoznat dr\u017eavni tu\u017eilac u Vi\u0161em dr\u017eavnom tu\u017eila\u0161tvu u Podgorici, po \u010dijem je nalogu protiv ovih maloljetnika podnijeta krivi\u010dna prijava zbog sumnje da su po\u010dinili krivi\u010dno djelo razbojni\u0161tvo&#8220;, saop\u0161teno je iz Uprave policije.<\/p>","protected":false},"excerpt":{"rendered":"<p>Slu\u017ebenici Regionalnog centra bezbjednosti \u201eCentar\u201c \u2013 Odjeljenja bezbjednosti Podgorica su, preduzimaju\u0107i planske aktivnosti na otkrivanju i rasvjetljavanju krivi\u010dnih djela iz oblasti imovinskog kriminala, u kratkom roku rasvijetlili razbojni\u0161tvo na \u0161tetu jednog stranog dr\u017eavljanina, saop\u0161teno je iz Uprave policije.<\/p>","protected":false},"author":1,"featured_media":915018,"comment_status":"open","ping_status":"open","sticky":false,"template":"","format":"standard","meta":{"_acf_changed":false,"footnotes":"","jetpack_publicize_message":"","jetpack_publicize_feature_enabled":true,"jetpack_social_post_already_shared":false,"jetpack_social_options":{"image_generator_settings":{"template":"highway","default_image_id":0,"font":"","enabled":false},"version":2}},"categories":[10],"tags":[387,12565,109],"naslovna":[],"class_list":["post-931158","post","type-post","status-publish","format-standard","has-post-thumbnail","hentry","category-hronika","tag-kradja","tag-razbojnistvo","tag-uprava-policije"],"acf":[],"jetpack_publicize_connections":[],"_links":{"self":[{"href":"https:\/\/gradski.me\/en\/wp-json\/wp\/v2\/posts\/931158","targetHints":{"allow":["GET"]}}],"collection":[{"href":"https:\/\/gradski.me\/en\/wp-json\/wp\/v2\/posts"}],"about":[{"href":"https:\/\/gradski.me\/en\/wp-json\/wp\/v2\/types\/post"}],"author":[{"embeddable":true,"href":"https:\/\/gradski.me\/en\/wp-json\/wp\/v2\/users\/1"}],"replies":[{"embeddable":true,"href":"https:\/\/gradski.me\/en\/wp-json\/wp\/v2\/comments?post=931158"}],"version-history":[{"count":0,"href":"https:\/\/gradski.me\/en\/wp-json\/wp\/v2\/posts\/931158\/revisions"}],"wp:featuredmedia":[{"embeddable":true,"href":"https:\/\/gradski.me\/en\/wp-json\/wp\/v2\/media\/915018"}],"wp:attachment":[{"href":"https:\/\/gradski.me\/en\/wp-json\/wp\/v2\/media?parent=931158"}],"wp:term":[{"taxonomy":"category","embeddable":true,"href":"https:\/\/gradski.me\/en\/wp-json\/wp\/v2\/categories?post=931158"},{"taxonomy":"post_tag","embeddable":true,"href":"https:\/\/gradski.me\/en\/wp-json\/wp\/v2\/tags?post=931158"},{"taxonomy":"naslovna","embeddable":true,"href":"https:\/\/gradski.me\/en\/wp-json\/wp\/v2\/naslovna?post=931158"}],"curies":[{"name":"wp","href":"https:\/\/api.w.org\/{rel}","templated":true}]}}