{"id":931084,"date":"2025-05-14T06:16:00","date_gmt":"2025-05-14T04:16:00","guid":{"rendered":"https:\/\/gradski.me\/uncategorized\/vlada-litvanije-uvela-sankcije-miloradu-dodiku\/"},"modified":"2025-05-14T06:16:00","modified_gmt":"2025-05-14T04:16:00","slug":"vlada-litvanije-uvela-sankcije-miloradu-dodiku","status":"publish","type":"post","link":"https:\/\/gradski.me\/en\/region\/vlada-litvanije-uvela-sankcije-miloradu-dodiku\/","title":{"rendered":"Vlada Litvanije uvela sankcije Miloradu Dodiku"},"content":{"rendered":"<p><\/p>\n\n\n\n<p>Sankcije su im, kako se navodi, uvedene radi naru\u0161avanja ustavnog poretka Bosne i Hercegovine, ali i izazivanja politi\u010dke i bezbjednosne krize.<\/p>\n\n\n\n<p>Litvanske sankcije trojici entitetskih \u010delnika podrazumijevaju zabranu ulaska u zemlju do 18. aprila 2030. godine.<\/p>\n\n\n\n<p>Sankcije koje je uvela Litvanija trojici entitetskih \u010delnika podrazumijevaju zabranu ulaska u zemlju do 18. aprila 2030. godine.<\/p>\n\n\n\n<p>Dodik, Stevandi\u0107 i Vi\u0161kovi\u0107 jedini su iz Bosne i Hercegovine koji se nalaze na litvanskoj listi ne\u017eeljenih osoba.<\/p>\n\n\n\n<p>Sankcije Litvanije uslijedile su nakon \u0161to je istu proceduru pokrenula Poljska, \u0161to je danas Al D\u017eaziri potvr\u0111eno u ambasadi te zemlje u Sarajevu.<\/p>\n\n\n\n<p>Procedura je pokrenuta zbog Dodikovog \u201cozbiljnog kr\u0161enja integriteta Bosne i Hercegovine, koja je priznata kao subjekt me\u0111unarodnog prava\u201d, re\u010deno je Al D\u017eaziri Ambasadi.<\/p>\n\n\n\n<p><\/p>","protected":false},"excerpt":{"rendered":"<p>Vlada Litvanije uvela je sankcije predsjedniku bosanskohercegova\u010dkog entiteta Republika Srpska Miloradu Dodiku, predsjedniku Narodne skup\u0161tine RS Nenadu Stevandi\u0107u i premijeru Radovanu Vi\u0161kovi\u0107u, javlja Al D\u017eazira pozivaju\u0107i se na zvani\u010dnu objavu Odjeljenja za migracije Ministarstva unutra\u0161njih poslova Litvanije.<\/p>","protected":false},"author":16,"featured_media":920774,"comment_status":"open","ping_status":"open","sticky":false,"template":"","format":"standard","meta":{"_acf_changed":false,"footnotes":"","jetpack_publicize_message":"","jetpack_publicize_feature_enabled":true,"jetpack_social_post_already_shared":false,"jetpack_social_options":{"image_generator_settings":{"template":"highway","default_image_id":0,"font":"","enabled":false},"version":2}},"categories":[13],"tags":[950,137,138,42],"naslovna":[],"class_list":["post-931084","post","type-post","status-publish","format-standard","has-post-thumbnail","hentry","category-region","tag-litvanija","tag-milorad-dodik","tag-republika-srpska","tag-sankcije"],"acf":[],"jetpack_publicize_connections":[],"_links":{"self":[{"href":"https:\/\/gradski.me\/en\/wp-json\/wp\/v2\/posts\/931084","targetHints":{"allow":["GET"]}}],"collection":[{"href":"https:\/\/gradski.me\/en\/wp-json\/wp\/v2\/posts"}],"about":[{"href":"https:\/\/gradski.me\/en\/wp-json\/wp\/v2\/types\/post"}],"author":[{"embeddable":true,"href":"https:\/\/gradski.me\/en\/wp-json\/wp\/v2\/users\/16"}],"replies":[{"embeddable":true,"href":"https:\/\/gradski.me\/en\/wp-json\/wp\/v2\/comments?post=931084"}],"version-history":[{"count":0,"href":"https:\/\/gradski.me\/en\/wp-json\/wp\/v2\/posts\/931084\/revisions"}],"wp:featuredmedia":[{"embeddable":true,"href":"https:\/\/gradski.me\/en\/wp-json\/wp\/v2\/media\/920774"}],"wp:attachment":[{"href":"https:\/\/gradski.me\/en\/wp-json\/wp\/v2\/media?parent=931084"}],"wp:term":[{"taxonomy":"category","embeddable":true,"href":"https:\/\/gradski.me\/en\/wp-json\/wp\/v2\/categories?post=931084"},{"taxonomy":"post_tag","embeddable":true,"href":"https:\/\/gradski.me\/en\/wp-json\/wp\/v2\/tags?post=931084"},{"taxonomy":"naslovna","embeddable":true,"href":"https:\/\/gradski.me\/en\/wp-json\/wp\/v2\/naslovna?post=931084"}],"curies":[{"name":"wp","href":"https:\/\/api.w.org\/{rel}","templated":true}]}}