{"id":931034,"date":"2025-05-13T17:48:00","date_gmt":"2025-05-13T15:48:00","guid":{"rendered":"https:\/\/gradski.me\/uncategorized\/masic-idejnim-rjesenjem-bice-definisana-optimalna-trasa-brze-saobracajnice-od-podgorice-do-danilovgrada\/"},"modified":"2025-05-13T17:48:00","modified_gmt":"2025-05-13T15:48:00","slug":"masic-idejnim-rjesenjem-bice-definisana-optimalna-trasa-brze-saobracajnice-od-podgorice-do-danilovgrada","status":"publish","type":"post","link":"https:\/\/gradski.me\/en\/drustvo\/masic-idejnim-rjesenjem-bice-definisana-optimalna-trasa-brze-saobracajnice-od-podgorice-do-danilovgrada\/","title":{"rendered":"Ma\u0161i\u0107: Idejnim rje\u0161enjem bi\u0107e definisana optimalna trasa brze saobra\u0107ajnice od Podgorice do Danilovgrada"},"content":{"rendered":"<p>Dionica Podgorica\u2013Danilovgrad dio je mnogo ve\u0107eg projekta koji uklju\u010duje i trasu do Nik\u0161i\u0107a, \u0160avnika, \u017dabljaka i Pljevalja, ka\u017eu u Direktoratu za dr\u017eavne puteve. Dodaju da se za&nbsp;preostale dionice ve\u0107 rade idejna rje\u0161enja.<\/p>\n\n\n\n<p>&#8222;Projektant treba da defini\u0161e koridor budu\u0107e brze saobra\u0107ajnice a prevashodno za&nbsp;potrebe prostornog plana koji je u zavr\u0161noj fazi i koji se&nbsp;donosi za razvoj Crne Gore do 2040. Definisa\u0107e se i koridor brze saobra\u0107ajnice. Dobi\u0107emo neke inpute u smislu zahtijevnosti te trase sa tehni\u010dkog&nbsp;aspekta i bli\u017ee u cijenu ko\u0161tanja kako bi se Vlada u&nbsp;narednom periodu opridijelila na na\u010din finansiranja odnosno realizacije tog&nbsp;projekta&#8220;, kazao je Ma\u0161i\u0107<\/p>\n\n\n\n<p>Izrada projekta, dodaje, ko\u0161ta\u0107e oko 55 hiljada eura, bez PDV-a \u2013 a koliko \u0107e gradnja dionice ostaje da se vidi. Ma\u0161i\u0107 ka\u017ee da ima vi\u0161e modela finansiranja.<\/p>\n\n\n\n<p>&#8222;Iz bud\u017eeta, iz kreditnih strestava, kao i kroz privatno-javno partnerstvo. Me\u0111utim, s obzirom da smo tek na po\u010detku izrade idejnog rje\u0161enja, nemamo imputa da bi mogli dati neku jasniju sliku u kojem pravcu se razvijate taj projekat. I u smislu cijene ko\u0161tanja, kao i u smislu mogu\u0107nosti i na\u010dina izgradnje&#8220;, saop\u0161tio je Ma\u0161i\u0107.<\/p>\n\n\n\n<p>Do kraja godine o\u010dekuje se izbor izvo\u0111a\u010da za gradnju &nbsp;obilaznice oko Budve, dodaje Ma\u0161i\u0107 i poru\u010duje da je u fokusu&nbsp; nastavak gradnje auto-puta do Andrijevice i rekonstrukcija brojnih magistralnih i regionalnih puteva.<\/p>\n\n\n\n<figure class=\"wp-block-embed is-type-video is-provider-youtube wp-block-embed-youtube wp-embed-aspect-16-9 wp-has-aspect-ratio\"><div class=\"wp-block-embed__wrapper\">\n<iframe title=\"Idejnim rje\u0161enjem bi\u0107e definisana optimalna trasa brze saobra\u0107ajnice od Podgorice do Danilovgrada\" width=\"800\" height=\"450\" src=\"https:\/\/www.youtube.com\/embed\/XsuY_fIDipw?feature=oembed\" frameborder=\"0\" allow=\"accelerometer; autoplay; clipboard-write; encrypted-media; gyroscope; picture-in-picture; web-share\" referrerpolicy=\"strict-origin-when-cross-origin\" allowfullscreen><\/iframe>\n<\/div><\/figure>","protected":false},"excerpt":{"rendered":"<p>Kompanija Louis Berger i Decom group, sa podugovara\u010dem Geostandard, radi\u0107e idejno rje\u0161enje brze saobra\u0107ajnice Podgorica-Danilovgrad. To je u jutarnjem programu Gradske RTV saop\u0161tio VD generalnog direktora za dr\u017eavne puteve Miroslav Ma\u0161i\u0107.<\/p>","protected":false},"author":18,"featured_media":931035,"comment_status":"open","ping_status":"open","sticky":false,"template":"","format":"standard","meta":{"_acf_changed":false,"footnotes":"","jetpack_publicize_message":"","jetpack_publicize_feature_enabled":true,"jetpack_social_post_already_shared":false,"jetpack_social_options":{"image_generator_settings":{"template":"highway","default_image_id":0,"font":"","enabled":false},"version":2}},"categories":[9],"tags":[25950,14836],"naslovna":[],"class_list":["post-931034","post","type-post","status-publish","format-standard","has-post-thumbnail","hentry","category-drustvo","tag-dionica-podgorica-danilovgrad","tag-miroslav-masic"],"acf":[],"jetpack_publicize_connections":[],"_links":{"self":[{"href":"https:\/\/gradski.me\/en\/wp-json\/wp\/v2\/posts\/931034","targetHints":{"allow":["GET"]}}],"collection":[{"href":"https:\/\/gradski.me\/en\/wp-json\/wp\/v2\/posts"}],"about":[{"href":"https:\/\/gradski.me\/en\/wp-json\/wp\/v2\/types\/post"}],"author":[{"embeddable":true,"href":"https:\/\/gradski.me\/en\/wp-json\/wp\/v2\/users\/18"}],"replies":[{"embeddable":true,"href":"https:\/\/gradski.me\/en\/wp-json\/wp\/v2\/comments?post=931034"}],"version-history":[{"count":0,"href":"https:\/\/gradski.me\/en\/wp-json\/wp\/v2\/posts\/931034\/revisions"}],"wp:featuredmedia":[{"embeddable":true,"href":"https:\/\/gradski.me\/en\/wp-json\/wp\/v2\/media\/931035"}],"wp:attachment":[{"href":"https:\/\/gradski.me\/en\/wp-json\/wp\/v2\/media?parent=931034"}],"wp:term":[{"taxonomy":"category","embeddable":true,"href":"https:\/\/gradski.me\/en\/wp-json\/wp\/v2\/categories?post=931034"},{"taxonomy":"post_tag","embeddable":true,"href":"https:\/\/gradski.me\/en\/wp-json\/wp\/v2\/tags?post=931034"},{"taxonomy":"naslovna","embeddable":true,"href":"https:\/\/gradski.me\/en\/wp-json\/wp\/v2\/naslovna?post=931034"}],"curies":[{"name":"wp","href":"https:\/\/api.w.org\/{rel}","templated":true}]}}