{"id":930968,"date":"2025-05-13T15:19:00","date_gmt":"2025-05-13T13:19:00","guid":{"rendered":"https:\/\/gradski.me\/uncategorized\/drama-na-granicnom-prelazu-policija-zaustavila-dodikovu-pratnju-on-se-helikopterom-vratio-u-banja-luku\/"},"modified":"2025-05-13T15:19:00","modified_gmt":"2025-05-13T13:19:00","slug":"drama-na-granicnom-prelazu-policija-zaustavila-dodikovu-pratnju-on-se-helikopterom-vratio-u-banja-luku","status":"publish","type":"post","link":"https:\/\/gradski.me\/en\/region\/drama-na-granicnom-prelazu-policija-zaustavila-dodikovu-pratnju-on-se-helikopterom-vratio-u-banja-luku\/","title":{"rendered":"Drama na grani\u010dnom prelazu: Policija zaustavila Dodikovu pratnju, on se helikopterom vratio u Banja Luku"},"content":{"rendered":"<p><\/p>\n\n\n\n<p>Navodi se da su grani\u010dni policajci poslije \u201everbalnog okr\u0161aja i gurkanja\u201c uspjeli da zaustave kolonu vozila, legitimi\u0161u osobe koje su se nalazile u njoj i ispitaju ih.<\/p>\n\n\n\n<p>Prema izvorima bijeljinske televizije, drama na grani\u010dnom prelazu odvijala se prekju\u010de u kasnim popodnevnim satima, izme\u0111u 18.00 i 19.00 \u010dasova, a trajala je oko sat vremena.<\/p>\n\n\n\n<p>Pripadnici Grani\u010dne policije su prethodno dobili najavu od Obavje\u0161tajno-bezbednosne agencije BiH (OBA) da \u0107e kolona vozila u kojima su Dodik i predsjednik Narodne skup\u0161tine RS&nbsp;<strong>Nenad Stevandic<\/strong>, za kojim je tako\u0111e raspisana potjernica Suda BiH, u\u0107i u BiH na grani\u010dnom prelazu Ra\u010da.<\/p>\n\n\n\n<p>Dodaje se da u vozilima nije bilo Dodika i Stevandi\u0107a, a da je o svemu sa\u010dinjen zapisnik, koji je sa svim imenima ljudi iz pratnje i njihovim izjavama dostavljen Tu\u017eila\u0161tvu BiH.<\/p>\n\n\n\n<p>Dodik i Stevandi\u0107 u BiH su u\u0161li kasnije, u dva helikoptera, koji su u niskom letu u Banja Luku sletjeli oko 20.30 \u010dasova.<\/p>\n\n\n\n<p>Oni su se u BiH, preko Beograda, vratili iz Moskve gdje su prisustvovali obilje\u017eavanju 80. godi\u0161njice pobjede nad fa\u0161izmom.<\/p>\n\n\n\n<p>Helikopterski servis RS nedavno je pre\u0161ao u nadle\u017enost MUP Republike Srpske.<\/p>","protected":false},"excerpt":{"rendered":"<p>Grani\u010dna policija BiH je prije dva dana na grani\u010dnom prelazu Ra\u010da, na ulasku iz Srbije u Bosnu i Hercegovinu, zaustavila kolonu vozila iz pratnje predsjednika Republike Srpske (RS) Milorada Dodika, koji se nalazi na centralnoj potjernici Suda BiH, objavila je bijeljinska BN televizija.<\/p>","protected":false},"author":16,"featured_media":930969,"comment_status":"open","ping_status":"open","sticky":false,"template":"","format":"standard","meta":{"_acf_changed":false,"footnotes":"","jetpack_publicize_message":"","jetpack_publicize_feature_enabled":true,"jetpack_social_post_already_shared":false,"jetpack_social_options":{"image_generator_settings":{"template":"highway","default_image_id":0,"font":"","enabled":false},"version":2}},"categories":[13],"tags":[819,573,1355,533],"naslovna":[],"class_list":["post-930968","post","type-post","status-publish","format-standard","has-post-thumbnail","hentry","category-region","tag-bih","tag-dodik","tag-rs","tag-srbija"],"acf":[],"jetpack_publicize_connections":[],"_links":{"self":[{"href":"https:\/\/gradski.me\/en\/wp-json\/wp\/v2\/posts\/930968","targetHints":{"allow":["GET"]}}],"collection":[{"href":"https:\/\/gradski.me\/en\/wp-json\/wp\/v2\/posts"}],"about":[{"href":"https:\/\/gradski.me\/en\/wp-json\/wp\/v2\/types\/post"}],"author":[{"embeddable":true,"href":"https:\/\/gradski.me\/en\/wp-json\/wp\/v2\/users\/16"}],"replies":[{"embeddable":true,"href":"https:\/\/gradski.me\/en\/wp-json\/wp\/v2\/comments?post=930968"}],"version-history":[{"count":0,"href":"https:\/\/gradski.me\/en\/wp-json\/wp\/v2\/posts\/930968\/revisions"}],"wp:featuredmedia":[{"embeddable":true,"href":"https:\/\/gradski.me\/en\/wp-json\/wp\/v2\/media\/930969"}],"wp:attachment":[{"href":"https:\/\/gradski.me\/en\/wp-json\/wp\/v2\/media?parent=930968"}],"wp:term":[{"taxonomy":"category","embeddable":true,"href":"https:\/\/gradski.me\/en\/wp-json\/wp\/v2\/categories?post=930968"},{"taxonomy":"post_tag","embeddable":true,"href":"https:\/\/gradski.me\/en\/wp-json\/wp\/v2\/tags?post=930968"},{"taxonomy":"naslovna","embeddable":true,"href":"https:\/\/gradski.me\/en\/wp-json\/wp\/v2\/naslovna?post=930968"}],"curies":[{"name":"wp","href":"https:\/\/api.w.org\/{rel}","templated":true}]}}