{"id":930943,"date":"2025-05-13T14:07:00","date_gmt":"2025-05-13T12:07:00","guid":{"rendered":"https:\/\/gradski.me\/uncategorized\/festival-vjetra-u-petak-konferencija-boka-kotorska-kao-odrziva-nauticka-destinacija\/"},"modified":"2025-05-13T14:07:00","modified_gmt":"2025-05-13T12:07:00","slug":"festival-vjetra-u-petak-konferencija-boka-kotorska-kao-odrziva-nauticka-destinacija","status":"publish","type":"post","link":"https:\/\/gradski.me\/en\/drustvo\/festival-vjetra-u-petak-konferencija-boka-kotorska-kao-odrziva-nauticka-destinacija\/","title":{"rendered":"Festival vjetra: U petak konferencija &#8222;Boka Kotorska kao odr\u017eiva nauti\u010dka destinacija&#8220;"},"content":{"rendered":"<p><\/p>\n\n\n\n<p>Konferencija \u0107e biti odr\u017eana 16. maja u multimedijalnoj sali Op\u0161tine Tivat od 9 sati. Ovogodi\u0161njom konferencijom ujedno se zavr\u0161ava i \u201eSedmica vodenog transporta\u201c (Waterborne Week) koju ove godine Sekretarijat Transportne zajednice pri Evropskoj komisiji u saradnji sa Ministarstvom pomorstva Crne Gore i uz podr\u0161ku Pomorskog fakulteta organizuje u Kotoru i Tivtu.<\/p>\n\n\n\n<p>Kako navode organizatori, kao i prethodnih godina, Konferencija \u0107e obuhvatiti gostovanja renomiranih stru\u010dnjaka iz inostranstva \u010dija iskustva \u0107e poslu\u017eiti kao uvod u panel diskusiju koja je ove godine posve\u0107ena izazovima u vezi sa brodovima za kru\u017ena putovanja koji u sve ve\u0107em broju posje\u0107uju Zaliv.<\/p>\n\n\n\n<p>Svoja iskustva u tom pogledu podijeli\u0107e Teodora Riga, predsjednica Asocijacije kruzing luka Sredozemlja (MedCruise).<\/p>\n\n\n\n<p>Panelom naslovljenim \u201eKruzeri u Boki: Ekonomija i ekologija\u201c moderira\u0107e Sini\u0161a Lukovi\u0107, novinar i publicista, a panelisti \u0107e biti relevantni stru\u010dnjaci i predstavnici nadle\u017enih institucija: Ljubo Radovi\u0107, v.d. izvr\u0161nog direktora Luke Kotor AD; Vladimir Joki\u0107, predsjednik Op\u0161tine Kotor; Goran Idrizovi\u0107, v.d. generalnog direktora Direktorata za pomorsku i unutra\u0161nju plovidbu Ministarstva pomorstva; Slavica Petovi\u0107 sa Instituta za biologiju mora UCG; i Danilo Nikoli\u0107, sa Pomorskog fakulteta Kotor UCG.<\/p>\n\n\n\n<p>Ovogodi\u0161nja Konferencija bi\u0107e prilika i da se predstavi presti\u017ena jedrili\u010darska trka &#8222;The Ocean Race Europe&#8220; \u010diji se zavr\u0161etak ove godine o\u010dekuje upravo u Boki sredinom septembra. Prezentaciju \u0107e odr\u017eati gospo\u0111a Beatriz Beeckmans, predstavnica The Ocean Race Europe za komunikacije i gradove doma\u0107ine.<\/p>\n\n\n\n<p>U subotu je planiran program u organizaciji javne ustanove Gradska biblioteka Tivat, a uz podr\u0161ku Centra za kulturu Tivat. Rije\u010d je o cjelove\u010dernjem programu, koji u Sali DTV Partizan po\u010dinje u subotu, 17.maja u 19 sati. U goste je poznati hrvatski novinar, TV voditelj i muzi\u010dar Kre\u0161imir Mi\u0161ak, koji \u0107e odr\u017eati tribinu pod naslovom \u201eNa rubu vremena\u201c, a nakon toga i cjelove\u010dernji koncert sa svojim bendom Hakuna Matata.<\/p>\n\n\n\n<p>Nedjelja je rezervisana za sportski program posve\u0107en nekada\u0161njim takmi\u010darima i rekreativnim jedrili\u010darima iz Tivta i Boke, koji \u0107e se okupiti na Regati veterana. Dru\u017eenje u prostorijama JK Delfin na Seljanovu po\u010dinje u 10 sati, a slijedi takmi\u010denje u klasi ILCA 7.<\/p>\n\n\n\n<p>Predsjednik regatnog odbora je predsjednik Skup\u0161tine JK Delfin, Bo\u0161ko Grabi\u0107, a regatu \u0107e suditi licencirani sudija Aleksandar Filipovi\u0107 sa timom pomo\u0107nih sudija. Cilj je dru\u017eenje na obali i moru, te okupljanje \u010dlanova i prijatelja kluba, za koje organizatori Festivala vjetra pripremaju objed i prigodnu zabavu.<\/p>\n\n\n\n<p>Organizaciju Festivala vjetra 2025. podr\u017ealo je preko 75 prijatelja i sponzora, a glavni pokrovitelji manifestacije su Op\u0161tina Tivat, Turisti\u010dka organizacija Tivat i me\u0111unarodna jedrili\u010darska fondacija \u201cRichard&amp;Frances Godbois Foundation\u201c iz Santa Barbare.<\/p>","protected":false},"excerpt":{"rendered":"<p>Jedrili\u010darski klub Delfin u okviru Festivala vjetra 2025, koji objedinjuje sport, kulturu i edukaciju, u saradnji sa Pomorskim fakultetom Kotor Univerziteta Crne Gore, u petak organizuje tre\u0107e izdanje me\u0111unarodne nau\u010dno-stru\u010dne konferencije pod nazivom \u201eBoka Kotorska kao odr\u017eiva nauti\u010dka destinacija\u201c.<\/p>","protected":false},"author":16,"featured_media":930944,"comment_status":"open","ping_status":"open","sticky":false,"template":"","format":"standard","meta":{"_acf_changed":false,"footnotes":"","jetpack_publicize_message":"","jetpack_publicize_feature_enabled":true,"jetpack_social_post_already_shared":false,"jetpack_social_options":{"image_generator_settings":{"template":"highway","default_image_id":0,"font":"","enabled":false},"version":2}},"categories":[9],"tags":[9520,25926,478],"naslovna":[],"class_list":["post-930943","post","type-post","status-publish","format-standard","has-post-thumbnail","hentry","category-drustvo","tag-boka-kotorska-2","tag-festival-vjetra","tag-turizam"],"acf":[],"jetpack_publicize_connections":[],"_links":{"self":[{"href":"https:\/\/gradski.me\/en\/wp-json\/wp\/v2\/posts\/930943","targetHints":{"allow":["GET"]}}],"collection":[{"href":"https:\/\/gradski.me\/en\/wp-json\/wp\/v2\/posts"}],"about":[{"href":"https:\/\/gradski.me\/en\/wp-json\/wp\/v2\/types\/post"}],"author":[{"embeddable":true,"href":"https:\/\/gradski.me\/en\/wp-json\/wp\/v2\/users\/16"}],"replies":[{"embeddable":true,"href":"https:\/\/gradski.me\/en\/wp-json\/wp\/v2\/comments?post=930943"}],"version-history":[{"count":0,"href":"https:\/\/gradski.me\/en\/wp-json\/wp\/v2\/posts\/930943\/revisions"}],"wp:featuredmedia":[{"embeddable":true,"href":"https:\/\/gradski.me\/en\/wp-json\/wp\/v2\/media\/930944"}],"wp:attachment":[{"href":"https:\/\/gradski.me\/en\/wp-json\/wp\/v2\/media?parent=930943"}],"wp:term":[{"taxonomy":"category","embeddable":true,"href":"https:\/\/gradski.me\/en\/wp-json\/wp\/v2\/categories?post=930943"},{"taxonomy":"post_tag","embeddable":true,"href":"https:\/\/gradski.me\/en\/wp-json\/wp\/v2\/tags?post=930943"},{"taxonomy":"naslovna","embeddable":true,"href":"https:\/\/gradski.me\/en\/wp-json\/wp\/v2\/naslovna?post=930943"}],"curies":[{"name":"wp","href":"https:\/\/api.w.org\/{rel}","templated":true}]}}