{"id":930896,"date":"2025-05-13T09:41:23","date_gmt":"2025-05-13T07:41:23","guid":{"rendered":"https:\/\/gradski.me\/uncategorized\/mjestani-sela-gornja-brezna-cges-u-tajnosti-sprema-raseljavanje-najljepseg-sela-u-pivi-to-necemo-dozvoliti\/"},"modified":"2025-05-13T09:41:23","modified_gmt":"2025-05-13T07:41:23","slug":"mjestani-sela-gornja-brezna-cges-u-tajnosti-sprema-raseljavanje-najljepseg-sela-u-pivi-to-necemo-dozvoliti","status":"publish","type":"post","link":"https:\/\/gradski.me\/en\/ekonomija\/mjestani-sela-gornja-brezna-cges-u-tajnosti-sprema-raseljavanje-najljepseg-sela-u-pivi-to-necemo-dozvoliti\/","title":{"rendered":"Mje\u0161tani sela Gornja Brezna: CGES u tajnosti sprema raseljavanje najljep\u0161eg sela u Pivi, to ne\u0107emo dozvoliti"},"content":{"rendered":"<p><\/p>\n\n\n\n<p>Oni su uputili pismo CGES-u, EPCG, premijeru, predsjedniku, Ministarstvu ekologije, odr\u017eivog razvoja i razvoja sjevera, Ministarstvu energetike i rudarstva, Ministarstvu evropskih poslova, Ministarstvu prostornog planiranja, urbanizma i dr\u017eavne imovine, Ministarstu&nbsp; poljoprivrede, \u0161umarstva i vodoprivrede, Ministarstvu javnih radova, predsjedniku Skup\u0161tine, predsjedniku Op\u0161tine Plu\u017eine, potpredjsedniku Vlade za infrastrukturu i regionalni razvoj.<\/p>\n\n\n\n<p>\u201cObzirom da CGES, uz logisti\u010dku podr\u0161ku segmenata dr\u017eave i odre\u0111enih donosioca odluka, \u201ctajno i organzovano\u201d radi na gradnji jo\u0161 jedne velike trafostanice u na\u0161em selu, i stvaranju me\u0111unarodnog energetskog \u010dvori\u0161ta iznad na\u0161ih glava, upozoravamo donosioce odluka i javnost da to zna\u010di uni\u0161tenje najnaseljenijeg i turisti\u010dki najrazvijenijeg sela u Pivi, i da to ne\u0107emo dozvoliti\u201d, rekli su pismu.<\/p>\n\n\n\n<p><strong>Njihovo pismo prenosimo u cjelosti:&nbsp;<\/strong><\/p>\n\n\n\n<p>Mi mje\u0161tani Gornjih Brezana ve\u0107 godinama trpimo nezakonito i diskriminatorno pona\u0161anje energetskih kompanija, na \u010delu sa dr\u017eavnim CGES-om. Osim \u0161to uni\u0161tavaju na\u0161 \u017eivotni prostor i prirodu zbog koje je ovo selo turisti\u010dki najrazvijenije u Pivi, sada \u201ctajno i organizovano\u201d spremaju da nama i turistima koji su odu\u0161evljeni prirodom, ponude turisti\u010dku atrakciju \u2013 jo\u0161 jednu trafostanicu, i jo\u0161 destine i stotine stubova i \u017eica, i posje\u010dene \u0161ume ispod njih.<\/p>\n\n\n\n<p>Po\u0161to su pripreme za ovo u toku, a nama se niko ne obra\u0107a, niko nas ni\u0161ta ne pita, niko nam ni\u0161ta ne govori, obavje\u0161tavamo ih da ne\u0107emo dozvoliti da budemo otjerani sa svojih imanja i da ne\u0107emo dozvoliti da se Brezna pretvore u farmu elektro stubova, a nebo iznad Brezanai u sivu mre\u017eu kablova.<\/p>\n\n\n\n<p>CGES, kako saznajemo, perfidno i pod velom tajne priprema pro\u0161irenje postoje\u0107e i gradnju nove trafostanice u na\u0161em selu, i tajno pregovara sa pojedinim vlasnicima imanja. Nema projekta, nema javne najave i uvida u planove, nema javne rasprave, nema konsultacija sa nama koji tu \u017eivimo.Na isti na\u010din je ova dr\u017eava, prije gotovo deset godina, omogu\u0107ila privatnom investitoru koji je izgadio vjeroelektranu na Krnovu, da u na\u0161em selu napravi trafostanicu, proglasiv\u0161i javni interes, koji ne postoji. Tada su uspjeli, ali sada im poru\u010dujemo da ovoga puta takav plan ne\u0107e pro\u0107i, i da \u0107emo na svaki mogu\u0107i na\u010din, \u0161tititi svoje selo, svoja imanja, svoje \u017eivote i svoju budu\u0107nost.<\/p>\n\n\n\n<p>Ovakvo postupanje nezamislivo je u bilo kojoj razvijenoj dr\u017eavi EU kojoj, makar deklarativno, te\u017eimo, i od \u010dijih institucija \u0107emo, ukoliko bude potrebno, tra\u017eiti pomo\u0107.<\/p>\n\n\n\n<p>Ovakav pristup crnogorskih energetskih kabadahija izaziva nesigurnost, nemir i ogromno negodovanje i revolt me\u0111u lokalnim stanovni\u0161tvom.<\/p>\n\n\n\n<p>Ako im uspije pakleni plan, ako dozvolimo da u Gornjim Breznima naprave me\u0111unarodno energetsko \u010dvori\u0161te, ne\u0107e vi\u0161e biti ni nas, ni ovog sela.<br>To se, jednostavno, ne radi u naseljenim mjestima, a Gornja Brezna su najnaseljinije selo u Pivi. Ako je trasa autoputa mogla da se pomjeri zbog jednog sela i njegovih mje\u0161tana, \u0161to je najbolji primjer odr\u017eivog razvoja i po\u0161tovanja ljudi i lokalne zajednice, mo\u017ee da se izmjesti i jedna trafostanica. Ima u Pivi mnogo prostora gdje trafostanice i energetsko \u010dvori\u0161te ne\u0107e smetati nikome.<\/p>\n\n\n\n<p>Ne\u0107e nas ubijediti da je javni interes da me\u0111unarodno energetsko \u010dvori\u0161te bude upravo u Breznima, i ne\u0107emo dozvoliti da nas otjeraju sa na\u0161ih ognji\u0161ta. Javni interes, to smo mi. Ljudi koji \u017eivimo u ovom selu, bavimo se turizmom i poljoprivredom, tra\u017eimo od dr\u017eave podr\u0161ku da ostanemo ovdje, tra\u017eimo \u0161kolu koja je davno zatvorena. Pored sve pri\u010de o raseljavanju sjevera, mi koji se vra\u0107amo \u2013 a za nama dolaze i novi stanovnici ovog sela koje i ne poznajemo \u2013 do\u017eivljavamo da uni\u0161tavaju na\u0161a imanja i da nas perfidno tjeraju odavde.<\/p>\n\n\n\n<p>Na\u0161a imanja su i kontinurano na meti zaposlenih CGES-a koji neovla\u0161teno upadaju privatnu svojinu i sijeku stabla ispod \u017eica, ostavljaju\u0107i za sobom pusto\u0161 i haos. Podsje\u0107amo ih da i oni moraju po\u0161tovati zakone i pitamo \u2013 imaju li dozvolu Uprave za \u0161ume da sijeku \u0161umu na na\u0161im imanjima? Imaju li dozvolu vlasnika imanja da u\u0111u na privatnu svojinu? Imaju li bilo kakav papir ili dokument koji im zakonski omogu\u0107ava da rade ovo razbojni\u0161tvo? Ovo su retori\u010dka pitanja jer znamo da \u2013 nemaju.<\/p>\n\n\n\n<p>Ljudi se hapse ako posijeku drvo u svojoj \u0161umi, a CGES sije\u010de \u0161ume po cijeloj dr\u017eavi bez po\u0161tovanja zakonskih procedura i bez po\u0161tovanja na\u0161ih prava kao gradjana Crne Gore. Najavljujemo im i krivi\u010dne prijave za neovla\u0161teno upadanje na privatnu svojinu i nezakonitu sje\u010du \u0161ume, kao i tu\u017ebe po vi\u0161e osnova. Vejrujemo da \u0107e do\u0107i dan kada \u0107e i Crna Gora postati pravna dr\u017eava koja \u0107e \u0161tititi prava svakog svog gra\u0111anina.<\/p>","protected":false},"excerpt":{"rendered":"<p>Mje\u0161tani sela Gornja Brezana u Pivi kazali su da ve\u0107 godinama trpe nezakonito i diskrimanltrno pona\u0161anje energetskih kompanija, na \u010delu sa dr\u017eavnom kompanijom CGES.<\/p>","protected":false},"author":16,"featured_media":930897,"comment_status":"open","ping_status":"open","sticky":false,"template":"","format":"standard","meta":{"_acf_changed":false,"footnotes":"","jetpack_publicize_message":"","jetpack_publicize_feature_enabled":true,"jetpack_social_post_already_shared":false,"jetpack_social_options":{"image_generator_settings":{"template":"highway","default_image_id":0,"font":"","enabled":false},"version":2}},"categories":[8],"tags":[588,3156,2782,3920],"naslovna":[],"class_list":["post-930896","post","type-post","status-publish","format-standard","has-post-thumbnail","hentry","category-ekonomija","tag-cges","tag-gornja-brezna","tag-pismo","tag-piva"],"acf":[],"jetpack_publicize_connections":[],"_links":{"self":[{"href":"https:\/\/gradski.me\/en\/wp-json\/wp\/v2\/posts\/930896","targetHints":{"allow":["GET"]}}],"collection":[{"href":"https:\/\/gradski.me\/en\/wp-json\/wp\/v2\/posts"}],"about":[{"href":"https:\/\/gradski.me\/en\/wp-json\/wp\/v2\/types\/post"}],"author":[{"embeddable":true,"href":"https:\/\/gradski.me\/en\/wp-json\/wp\/v2\/users\/16"}],"replies":[{"embeddable":true,"href":"https:\/\/gradski.me\/en\/wp-json\/wp\/v2\/comments?post=930896"}],"version-history":[{"count":0,"href":"https:\/\/gradski.me\/en\/wp-json\/wp\/v2\/posts\/930896\/revisions"}],"wp:featuredmedia":[{"embeddable":true,"href":"https:\/\/gradski.me\/en\/wp-json\/wp\/v2\/media\/930897"}],"wp:attachment":[{"href":"https:\/\/gradski.me\/en\/wp-json\/wp\/v2\/media?parent=930896"}],"wp:term":[{"taxonomy":"category","embeddable":true,"href":"https:\/\/gradski.me\/en\/wp-json\/wp\/v2\/categories?post=930896"},{"taxonomy":"post_tag","embeddable":true,"href":"https:\/\/gradski.me\/en\/wp-json\/wp\/v2\/tags?post=930896"},{"taxonomy":"naslovna","embeddable":true,"href":"https:\/\/gradski.me\/en\/wp-json\/wp\/v2\/naslovna?post=930896"}],"curies":[{"name":"wp","href":"https:\/\/api.w.org\/{rel}","templated":true}]}}