{"id":930569,"date":"2025-05-11T16:30:00","date_gmt":"2025-05-11T14:30:00","guid":{"rendered":"https:\/\/gradski.me\/uncategorized\/ibrahimovic-cestitao-dan-bosnjacke-zastave-bosnjaci-jos-nijesu-dovoljno-zastupljeni-u-svim-sferama-zivota-u-crnoj-gori\/"},"modified":"2025-05-11T16:30:00","modified_gmt":"2025-05-11T14:30:00","slug":"ibrahimovic-cestitao-dan-bosnjacke-zastave-bosnjaci-jos-nijesu-dovoljno-zastupljeni-u-svim-sferama-zivota-u-crnoj-gori","status":"publish","type":"post","link":"https:\/\/gradski.me\/en\/politika\/ibrahimovic-cestitao-dan-bosnjacke-zastave-bosnjaci-jos-nijesu-dovoljno-zastupljeni-u-svim-sferama-zivota-u-crnoj-gori\/","title":{"rendered":"Ibrahimovi\u0107 \u010destitao Dan bo\u0161nja\u010dke zastave: Bo\u0161njaci jo\u0161 nijesu dovoljno zastupljeni u svim sferama \u017eivota u Crnoj Gori"},"content":{"rendered":"<p><\/p>\n\n\n\n<p>On je u svom obra\u0107anju na sve\u010danosti prire\u0111enoj povodom Dana zastave na Gradskom trgu u Ro\u017eajama naglasio zna\u010daj cjelokupnog bo\u0161nja\u010dkog naroda u izgradnji modernog, demokratskog i evropskog dru\u0161tva Crne Gore.<\/p>\n\n\n\n<p>&#8222;Ova na\u0161a zastava, ovaj na\u0161 barjak na koji smo veoma ponosni, simbol je na\u0161eg postojanja kao naroda, na\u0161eg trajanja i istorijskog utemeljenja, simbol na\u0161e nacionalne svijesti i nacionalnog dostojanstva&#8220;,\u00a0istakao je\u00a0Ibrahimovi\u0107.<\/p>\n\n\n\n<p>Dana\u0161nji datum, kako je rekao, dodatno obavezuje da nastave\u00a0djelovanje na planu afirmacije bo\u0161nja\u010dkog nacionalnog identiteta, s\u00a0obzirom na to da Bo\u0161njaci po njegovoj ocjeni jo\u0161 uvijek nijesu dovoljno zastupljeni u svim sferama \u017eivota u Crnoj Gori, s posebnim akcentom na broj obilje\u017eja, u kulturi, obrazovanju.<a href=\"https:\/\/dan.co.me\/vijesti\/politika\/ibrahimovic-jasna-evropska-perspektiva-drzava-kandidata-doprinosi-dugorocnoj-stabilnosti-evrope-5296482\" target=\"_blank\" rel=\"noopener\"><\/a><a href=\"https:\/\/dan.co.me\/vijesti\/politika\/ibrahimovic-jasna-evropska-perspektiva-drzava-kandidata-doprinosi-dugorocnoj-stabilnosti-evrope-5296482\" target=\"_blank\" rel=\"noopener\"><\/a><\/p>\n\n\n\n<p>&#8222;Neka ovogodi\u0161nja poruka ovog na\u0161eg barjaka bude poziv na jedinstvo, poziv na jedinstveno djelovanje ka za\u0161titi i afirmaciji na\u0161e kulture i tradicije i poziv na djelovanje da na\u0161a kultura i tradicija, kao dio zajedni\u010dkog kulturnoistorijskog naslije\u0111a dana\u0161nje Crne Gore, bude adekvatno zastupljena i uva\u017eena u na\u0161oj Crnoj Gori&#8220;,\u00a0kazao je Ibrahimovi\u0107 i dodaje:<\/p>\n\n\n\n<p>&#8222;U to ime ja vas sve jo\u0161 jednom srda\u010dno selamim i \u010destitam vam 11. maj, Dan bo\u0161nja\u010dke zastave, dan ovog na\u0161eg lijepog barjaka, dan isticanja na\u0161eg barjaka kao simbola na\u0161eg postojanja, na\u0161e nacionalne svijesti i na\u0161eg nacionalnog ponosa&#8220;,\u00a0zaklju\u010dio je Ibrahimovi\u0107.<\/p>\n\n\n\n<p>Centralna sve\u010danost povodom Dana zastave prire\u0111ena je na Gradskom trgu u Ro\u017eajama, u organizaciji Bo\u0161nja\u010dkog vije\u0107a u Crnoj Gori.<\/p>","protected":false},"excerpt":{"rendered":"<p>Potpredsjednik Vlade, ministar vanjskih poslova i predsjednik Bo\u0161nja\u010dke stranke Ervin Ibrahimovi\u0107 \u010destitao je 11. maj, Dan bo\u0161nja\u010dke zastave svim Bo\u0161njakinjama i Bo\u0161njacima u Crnoj Gori i regionu.<\/p>","protected":false},"author":1,"featured_media":930570,"comment_status":"open","ping_status":"open","sticky":false,"template":"","format":"standard","meta":{"_acf_changed":false,"footnotes":"","jetpack_publicize_message":"","jetpack_publicize_feature_enabled":true,"jetpack_social_post_already_shared":false,"jetpack_social_options":{"image_generator_settings":{"template":"highway","default_image_id":0,"font":"","enabled":false},"version":2}},"categories":[7],"tags":[3427,25815,1232],"naslovna":[],"class_list":["post-930569","post","type-post","status-publish","format-standard","has-post-thumbnail","hentry","category-politika","tag-bosnjaci-2","tag-dan-bosnjacke-zastave","tag-ervin-ibrahimovic"],"acf":[],"jetpack_publicize_connections":[],"_links":{"self":[{"href":"https:\/\/gradski.me\/en\/wp-json\/wp\/v2\/posts\/930569","targetHints":{"allow":["GET"]}}],"collection":[{"href":"https:\/\/gradski.me\/en\/wp-json\/wp\/v2\/posts"}],"about":[{"href":"https:\/\/gradski.me\/en\/wp-json\/wp\/v2\/types\/post"}],"author":[{"embeddable":true,"href":"https:\/\/gradski.me\/en\/wp-json\/wp\/v2\/users\/1"}],"replies":[{"embeddable":true,"href":"https:\/\/gradski.me\/en\/wp-json\/wp\/v2\/comments?post=930569"}],"version-history":[{"count":0,"href":"https:\/\/gradski.me\/en\/wp-json\/wp\/v2\/posts\/930569\/revisions"}],"wp:featuredmedia":[{"embeddable":true,"href":"https:\/\/gradski.me\/en\/wp-json\/wp\/v2\/media\/930570"}],"wp:attachment":[{"href":"https:\/\/gradski.me\/en\/wp-json\/wp\/v2\/media?parent=930569"}],"wp:term":[{"taxonomy":"category","embeddable":true,"href":"https:\/\/gradski.me\/en\/wp-json\/wp\/v2\/categories?post=930569"},{"taxonomy":"post_tag","embeddable":true,"href":"https:\/\/gradski.me\/en\/wp-json\/wp\/v2\/tags?post=930569"},{"taxonomy":"naslovna","embeddable":true,"href":"https:\/\/gradski.me\/en\/wp-json\/wp\/v2\/naslovna?post=930569"}],"curies":[{"name":"wp","href":"https:\/\/api.w.org\/{rel}","templated":true}]}}