{"id":930353,"date":"2025-05-10T15:31:24","date_gmt":"2025-05-10T13:31:24","guid":{"rendered":"https:\/\/gradski.me\/uncategorized\/odrzan-okrugli-sto-o-izmjenama-i-dopunama-zakona-o-bezbjednosti-saobracaja-na-putevima-poseban-osvrt-na-mlade-vozace-i-trotinete\/"},"modified":"2025-05-10T15:31:24","modified_gmt":"2025-05-10T13:31:24","slug":"odrzan-okrugli-sto-o-izmjenama-i-dopunama-zakona-o-bezbjednosti-saobracaja-na-putevima-poseban-osvrt-na-mlade-vozace-i-trotinete","status":"publish","type":"post","link":"https:\/\/gradski.me\/en\/drustvo\/odrzan-okrugli-sto-o-izmjenama-i-dopunama-zakona-o-bezbjednosti-saobracaja-na-putevima-poseban-osvrt-na-mlade-vozace-i-trotinete\/","title":{"rendered":"Odr\u017ean Okrugli sto o izmjenama i dopunama Zakona o bezbjednosti saobra\u0107aja na putevima, poseban osvrt na mlade voza\u010de i trotinete"},"content":{"rendered":"<p><\/p>\n\n\n\n<p>Odr\u017eana rasprava dodatan je prilog transparentosti prilikom pripreme novih zakonskih rje\u0161enja, a omogu\u0107ila je detaljno sagledavanje izmjena i izno\u0161enje komentara i sugestija u cilju njegovog unapre\u0111enja.<\/p>\n\n\n\n<p>&#8222;Tema diskusije bile su predlo\u017eene novine koje Zakon predvi\u0111a, sa posebnim osvrtom na ograni\u010denja koja su predvi\u0111ena za mlade voza\u010de u pogledu zabrane upravljanja motornim vozilima od 23 do 06 \u010dasova, kao i zabranu upravljanja vozilima B kategorije \u010dija je snaga motora ve\u0107a od 80 kW. Posebnu pozornost na okruglom stolu privukla je tema \u201elakih elektri\u010dnih vozila\u201c gdje su prisutni iznijeli odre\u0111ene sugestije u odnosu na ovu kategoriju vozila i lica koji \u0107e mo\u0107i njima da upravljaju&#8220;, saop\u0161tili su iz Ministarstva\u00a0unutra\u0161njih poslova.<\/p>\n\n\n\n<p>Okruglom stolu su prisustvovali \u010dlanovi Radne grupe,\u00a0<strong>Ilija Janju\u0161evi\u0107<\/strong>\u00a0i\u00a0<strong>Teodora Klikovac<\/strong>\u00a0predstavnici Uprave policije, <strong>Milanko Damjanovi\u0107<\/strong>\u00a0sa Ma\u0161inskog fakulteta, kao i predstavnici Ministarstva saobra\u0107aja\u00a0<strong>Bojan Radoman<\/strong>\u00a0i\u00a0<strong>Miroslav Ma\u0161i\u0107<\/strong>.<\/p>\n\n\n\n<p>&#8222;Oni su pa\u017eljivo saslu\u0161ali sve iznijete komentare i naglasili da je cilj javne rasprave upravo da se zajedni\u010dkim radom do\u0111e do najboljeg zakonskog teksta, koje \u0107e biti u interesu pove\u0107anja stepena bezbjednosti svih u\u010desnika u saobra\u0107aju&#8220;, navodi se u saop\u0161tenju MUP-a.<\/p>\n\n\n\n<p>Na\u010delnik Odsjeka za drumski saobra\u0107aj, Ilija Janju\u0161evi\u0107 je istakao zadovoljstvo \u0161to su prisutni tokom trajanja javne rasprava, ali i danas na okruglom stolu, prepoznali otvorenost Ministarstva unutra\u0161njih poslova i \u0161to su iskazali spremnost da predstave svoje stavove i mi\u0161ljenja o ovoj temi, te istakao da \u0107e svi dostavljeni komentari biti razmotreni prije definisanja kona\u010dnog teksta zakona.<\/p>\n\n\n\n<p>Javna rasprava o Nacrtu zakona o izmjenama i dopunama Zakona o bezbjednosti saobra\u0107aja na putevima zavr\u0161ava se sjutra, a sve sugestije zainteresovane strane mogu, kao i do sada, dostaviti slanjem po\u0161te elekstronskim putem ili putem po\u0161te Ministarstvu unutra\u0161njih poslova.<\/p>","protected":false},"excerpt":{"rendered":"<p>U Podgorici je danas odr\u017ean okrugli sto u okviru javne rasprave o Nacrtu Zakona o izmjenama i dopunama Zakona o bezbjednosti saobra\u0107aja na putevima, na kojem su u\u010de\u0161\u0107e uzeli predstavnici auto \u0161kola, udru\u017eenja prevoznika, Ma\u0161inskog fakulteta, Monteputa, pripadnici policije i drugi predstavnici zainteresovane javnosti.<\/p>","protected":false},"author":1,"featured_media":930354,"comment_status":"open","ping_status":"open","sticky":false,"template":"","format":"standard","meta":{"_acf_changed":false,"footnotes":"","jetpack_publicize_message":"","jetpack_publicize_feature_enabled":true,"jetpack_social_post_already_shared":false,"jetpack_social_options":{"image_generator_settings":{"template":"highway","default_image_id":0,"font":"","enabled":false},"version":2}},"categories":[9],"tags":[25751,842,25752,14836,844,25753,3808],"naslovna":[],"class_list":["post-930353","post","type-post","status-publish","format-standard","has-post-thumbnail","hentry","category-drustvo","tag-bojan-radoman","tag-ilija-janjusevic","tag-milanko-damjanovic","tag-miroslav-masic","tag-mup","tag-teodora-klikovac","tag-zakon-o-bezbjednosti-saobracaja"],"acf":[],"jetpack_publicize_connections":[],"_links":{"self":[{"href":"https:\/\/gradski.me\/en\/wp-json\/wp\/v2\/posts\/930353","targetHints":{"allow":["GET"]}}],"collection":[{"href":"https:\/\/gradski.me\/en\/wp-json\/wp\/v2\/posts"}],"about":[{"href":"https:\/\/gradski.me\/en\/wp-json\/wp\/v2\/types\/post"}],"author":[{"embeddable":true,"href":"https:\/\/gradski.me\/en\/wp-json\/wp\/v2\/users\/1"}],"replies":[{"embeddable":true,"href":"https:\/\/gradski.me\/en\/wp-json\/wp\/v2\/comments?post=930353"}],"version-history":[{"count":0,"href":"https:\/\/gradski.me\/en\/wp-json\/wp\/v2\/posts\/930353\/revisions"}],"wp:featuredmedia":[{"embeddable":true,"href":"https:\/\/gradski.me\/en\/wp-json\/wp\/v2\/media\/930354"}],"wp:attachment":[{"href":"https:\/\/gradski.me\/en\/wp-json\/wp\/v2\/media?parent=930353"}],"wp:term":[{"taxonomy":"category","embeddable":true,"href":"https:\/\/gradski.me\/en\/wp-json\/wp\/v2\/categories?post=930353"},{"taxonomy":"post_tag","embeddable":true,"href":"https:\/\/gradski.me\/en\/wp-json\/wp\/v2\/tags?post=930353"},{"taxonomy":"naslovna","embeddable":true,"href":"https:\/\/gradski.me\/en\/wp-json\/wp\/v2\/naslovna?post=930353"}],"curies":[{"name":"wp","href":"https:\/\/api.w.org\/{rel}","templated":true}]}}