{"id":930246,"date":"2025-05-10T09:45:00","date_gmt":"2025-05-10T07:45:00","guid":{"rendered":"https:\/\/gradski.me\/uncategorized\/detalji-presude-u-slucaju-dukaja-nije-dobijao-radne-zadatke-trpio-zlostavljanje-bio-izolovan-od-radne-sredine\/"},"modified":"2025-05-10T09:45:00","modified_gmt":"2025-05-10T07:45:00","slug":"detalji-presude-u-slucaju-dukaja-nije-dobijao-radne-zadatke-trpio-zlostavljanje-bio-izolovan-od-radne-sredine","status":"publish","type":"post","link":"https:\/\/gradski.me\/en\/drustvo\/detalji-presude-u-slucaju-dukaja-nije-dobijao-radne-zadatke-trpio-zlostavljanje-bio-izolovan-od-radne-sredine\/","title":{"rendered":"Detalji presude u slu\u010daju Dukaja: Nije dobijao radne zadatke, trpio zlostavljanje, bio izolovan od radne sredine&#8230;"},"content":{"rendered":"<p><\/p>\n\n\n\n<p>\u201cUtvr\u0111uje se da je tu\u017eilac u du\u017eem vremenskom periodu trpio zlostavljanje na radu kod tu\u017eene, na taj na\u010din \u0161to mu tu\u017eeni u periodu od 8. maja 2020. do 20. februara 2021, nije omogu\u0107avao da radi poslove svog radnog mjesta, niti mu je davao radne zadatke koje je do tada redovno obavljao\u201c, stoji u presudi Osnovnog suda.<\/p>\n\n\n\n<p>Nakon toga je bez opravdanog i objektivnog razloga trajno izmje\u0161ten iz kancelarije koja se nalazi u Slu\u017ebi predsjednika Op\u0161tine u zgradi Op\u0161tine Tuzi i preseljen u drugu zgradu pod nazivom ZEFS centar.<\/p>\n\n\n\n<p>\u201eI to u salu za rad sa strankama Sekretarijata za poljoprivredu i ruralni razvoj op\u0161tine Tuzi, te je na taj na\u010din izolovan od radne sredine u kojoj je raspore\u0111en na radnom mjestu\u201d, detalji su presude Osnovnog suda, navodi Cdm.<\/p>","protected":false},"excerpt":{"rendered":"<p>Kako je ranije odlu\u010dio Osnovni sud u Podgorici, biv\u0161i savjetnik za odnose sa javno\u0161\u0107u u Kabinetu tada\u0161njeg predsjednika Op\u0161tine Tuzi, a aktuelnog potpredsjednika Vlade i ministra ekonomskog razvoja Nika \u0110eljo\u0161aja, Kristijan Dukaj, trpio je zlostavljanje na radu u periodu od maja 2020. do februara 2021. godine.<\/p>","protected":false},"author":16,"featured_media":929769,"comment_status":"open","ping_status":"open","sticky":false,"template":"","format":"standard","meta":{"_acf_changed":false,"footnotes":"","jetpack_publicize_message":"","jetpack_publicize_feature_enabled":true,"jetpack_social_post_already_shared":false,"jetpack_social_options":{"image_generator_settings":{"template":"highway","default_image_id":0,"font":"","enabled":false},"version":2}},"categories":[9],"tags":[527,151,498],"naslovna":[],"class_list":["post-930246","post","type-post","status-publish","format-standard","has-post-thumbnail","hentry","category-drustvo","tag-kristijan-dukaj","tag-nik-djeljosaj","tag-tuzi"],"acf":[],"jetpack_publicize_connections":[],"_links":{"self":[{"href":"https:\/\/gradski.me\/en\/wp-json\/wp\/v2\/posts\/930246","targetHints":{"allow":["GET"]}}],"collection":[{"href":"https:\/\/gradski.me\/en\/wp-json\/wp\/v2\/posts"}],"about":[{"href":"https:\/\/gradski.me\/en\/wp-json\/wp\/v2\/types\/post"}],"author":[{"embeddable":true,"href":"https:\/\/gradski.me\/en\/wp-json\/wp\/v2\/users\/16"}],"replies":[{"embeddable":true,"href":"https:\/\/gradski.me\/en\/wp-json\/wp\/v2\/comments?post=930246"}],"version-history":[{"count":0,"href":"https:\/\/gradski.me\/en\/wp-json\/wp\/v2\/posts\/930246\/revisions"}],"wp:featuredmedia":[{"embeddable":true,"href":"https:\/\/gradski.me\/en\/wp-json\/wp\/v2\/media\/929769"}],"wp:attachment":[{"href":"https:\/\/gradski.me\/en\/wp-json\/wp\/v2\/media?parent=930246"}],"wp:term":[{"taxonomy":"category","embeddable":true,"href":"https:\/\/gradski.me\/en\/wp-json\/wp\/v2\/categories?post=930246"},{"taxonomy":"post_tag","embeddable":true,"href":"https:\/\/gradski.me\/en\/wp-json\/wp\/v2\/tags?post=930246"},{"taxonomy":"naslovna","embeddable":true,"href":"https:\/\/gradski.me\/en\/wp-json\/wp\/v2\/naslovna?post=930246"}],"curies":[{"name":"wp","href":"https:\/\/api.w.org\/{rel}","templated":true}]}}